{"id":106012,"date":"2018-05-29T06:00:22","date_gmt":"2018-05-29T09:00:22","guid":{"rendered":"http:\/\/diarioregionaljf.com.br\/?p=106012"},"modified":"2018-05-28T19:23:09","modified_gmt":"2018-05-28T22:23:09","slug":"premium-fm-festival","status":"publish","type":"post","link":"https:\/\/diarioregionaldigital.com.br\/?p=106012","title":{"rendered":"Premium \u2013 FM \u2013 Festival"},"content":{"rendered":"<p style=\"text-align: center;\"><strong>Comunica\u00e7\u00e3o <\/strong><\/p>\n<p style=\"text-align: center;\">Com o calend\u00e1rio marcando o dia 9 de julho, a ag\u00eancia Go! M\u00eddia promove em Juiz de Fora o Workshop Inbound 360\u00b0 que vai permitir aos estudantes e profissionais da cidade uma imers\u00e3o na estrat\u00e9gia de comunica\u00e7\u00e3o que mais cresce no mercado. Cristiano Coppus, Rog\u00e9rio Rocha, Renato Bon\u00e1rio e Isabela Louren\u00e7o ser\u00e3o os respons\u00e1veis por conduzir as palestras focadas no Inbound Marketing.<\/p>\n<p style=\"text-align: center;\"><strong>Cobi\u00e7a<\/strong><\/p>\n<p style=\"text-align: center;\">Longe do PT, come\u00e7a no PSB a discuss\u00e3o sobre a ades\u00e3o \u00e0s candidaturas de Ciro Gomes (PDT) ou Geraldo Alckmin (PSDB). Para ter apoio em estados estrat\u00e9gicos, como Minas, l\u00edderes tucanos e pedetistas j\u00e1 admitem abrir ao PSB a vaga de vice na chapa dos dois presidenci\u00e1veis. Nos dois casos, o ex-prefeito de Belo Horizonte M\u00e1rcio Lacerda \u00e9 citado como possibilidade. Fora da disputa ao governo mineiro, ele facilitaria a vida de Ant\u00f4nio Anastasia (PSDB). No PDT, Lacerda \u00e9 ligado a Ciro, que lan\u00e7ou na vida pol\u00edtica.<\/p>\n<p style=\"text-align: center;\"><strong>Medicina<\/strong><\/p>\n<p style=\"text-align: center;\">Olha s\u00f3: fertiliza\u00e7\u00e3o In Vitro ou insemina\u00e7\u00e3o n\u00e3o s\u00e3o aconselhados pelo Conselho Federal de Medicina em Mulheres de mais de 50 anos, mesmo sem menopausa. A chance de complica\u00e7\u00f5es para a sa\u00fade dela \u00e9 grande. A idade racional deve ser avaliada.<\/p>\n<p style=\"text-align: center;\"><strong>Decora\u00e7\u00e3o<\/strong><\/p>\n<p style=\"text-align: center;\">As dicas do decorador Rodrigo Bissoli para o in\u00edcio desta semana mostra que os quadradinhos de azulejos deixam as paredes de banheiros e cozinhas ganhando status de obra de arte, com cores vivas e formas geom\u00e9tricas.<\/p>\n<p style=\"text-align: center;\"><span style=\"font-size: 14pt;\"><strong>Premium \u2013 FM \u2013 Festival<\/strong><\/span><\/p>\n<p style=\"text-align: center;\">Na noite do \u00faltimo dia 17 de maio, o MHall foi invadido por m\u00fasica de qualidade ao som das bandas participantes da primeira eliminat\u00f3ria do Premium FM Festival. Para a escolha foram considerados os quesitos como: T\u00e9cnica musical, qualidade musical, presen\u00e7a de palco, intera\u00e7\u00e3o com o p\u00fablico e originalidade. As quatro m\u00fasicas mais votadas na 1\u00aa eliminat\u00f3ria foram: \u201cNovas Dire\u00e7\u00f5es\u201d da banda Contratempo; \u201cBasta\u201d de Uiara Leigo; \u201cMal se tem um tempo na can\u00e7\u00e3o\u201d da banda Blend 87; e \u201cCentelhas\u201d da Banda Condenados Livres. As fotos de Rafaela Frutuoso registram.<\/p>\n<div id=\"attachment_105998\" style=\"width: 690px\" class=\"wp-caption aligncenter\"><img loading=\"lazy\" decoding=\"async\" aria-describedby=\"caption-attachment-105998\" class=\"wp-image-105998\" src=\"http:\/\/diarioregionaljf.com.br\/wp-content\/uploads\/2018\/05\/fotoa-16.jpg\" alt=\"\" width=\"680\" height=\"453\" \/><p id=\"caption-attachment-105998\" class=\"wp-caption-text\">Presen\u00e7as especiais: Marcelo Sotto Maior, Vicentina Amorim, Ronaldo Platz (gerente comercial do Sircom) e Madalena Sotto Maior<\/p><\/div>\n<div id=\"attachment_105999\" style=\"width: 690px\" class=\"wp-caption aligncenter\"><img loading=\"lazy\" decoding=\"async\" aria-describedby=\"caption-attachment-105999\" class=\"wp-image-105999\" src=\"http:\/\/diarioregionaljf.com.br\/wp-content\/uploads\/2018\/05\/fotob-12.jpg\" alt=\"\" width=\"680\" height=\"453\" \/><p id=\"caption-attachment-105999\" class=\"wp-caption-text\">Banda Ra\u00eds de Lotus, em sua apresenta\u00e7\u00e3o<\/p><\/div>\n<div id=\"attachment_106001\" style=\"width: 690px\" class=\"wp-caption aligncenter\"><img loading=\"lazy\" decoding=\"async\" aria-describedby=\"caption-attachment-106001\" class=\"wp-image-106001\" src=\"http:\/\/diarioregionaljf.com.br\/wp-content\/uploads\/2018\/05\/fotod-14.jpg\" alt=\"\" width=\"680\" height=\"453\" srcset=\"https:\/\/diarioregionaldigital.com.br\/wp-content\/uploads\/2018\/05\/fotod-14.jpg 1920w, https:\/\/diarioregionaldigital.com.br\/wp-content\/uploads\/2018\/05\/fotod-14-300x200.jpg 300w, https:\/\/diarioregionaldigital.com.br\/wp-content\/uploads\/2018\/05\/fotod-14-768x512.jpg 768w, https:\/\/diarioregionaldigital.com.br\/wp-content\/uploads\/2018\/05\/fotod-14-1024x683.jpg 1024w, https:\/\/diarioregionaldigital.com.br\/wp-content\/uploads\/2018\/05\/fotod-14-360x240.jpg 360w\" sizes=\"auto, (max-width: 680px) 100vw, 680px\" \/><p id=\"caption-attachment-106001\" class=\"wp-caption-text\">A banda Condenados Livres, Wesley Bonin, \u00c9der Bonin e Ricardo Bartoli<\/p><\/div>\n<div id=\"attachment_106002\" style=\"width: 690px\" class=\"wp-caption aligncenter\"><img loading=\"lazy\" decoding=\"async\" aria-describedby=\"caption-attachment-106002\" class=\"wp-image-106002\" src=\"http:\/\/diarioregionaljf.com.br\/wp-content\/uploads\/2018\/05\/fotoe-14.jpg\" alt=\"\" width=\"680\" height=\"453\" srcset=\"https:\/\/diarioregionaldigital.com.br\/wp-content\/uploads\/2018\/05\/fotoe-14.jpg 1920w, https:\/\/diarioregionaldigital.com.br\/wp-content\/uploads\/2018\/05\/fotoe-14-300x200.jpg 300w, https:\/\/diarioregionaldigital.com.br\/wp-content\/uploads\/2018\/05\/fotoe-14-768x512.jpg 768w, https:\/\/diarioregionaldigital.com.br\/wp-content\/uploads\/2018\/05\/fotoe-14-1024x683.jpg 1024w, https:\/\/diarioregionaldigital.com.br\/wp-content\/uploads\/2018\/05\/fotoe-14-360x240.jpg 360w\" sizes=\"auto, (max-width: 680px) 100vw, 680px\" \/><p id=\"caption-attachment-106002\" class=\"wp-caption-text\">Alexandre Brilhante, no palco<\/p><\/div>\n<div id=\"attachment_105994\" style=\"width: 690px\" class=\"wp-caption aligncenter\"><img loading=\"lazy\" decoding=\"async\" aria-describedby=\"caption-attachment-105994\" class=\"wp-image-105994\" src=\"http:\/\/diarioregionaljf.com.br\/wp-content\/uploads\/2018\/05\/fotof-15.jpg\" alt=\"\" width=\"680\" height=\"453\" srcset=\"https:\/\/diarioregionaldigital.com.br\/wp-content\/uploads\/2018\/05\/fotof-15.jpg 2522w, https:\/\/diarioregionaldigital.com.br\/wp-content\/uploads\/2018\/05\/fotof-15-300x200.jpg 300w, https:\/\/diarioregionaldigital.com.br\/wp-content\/uploads\/2018\/05\/fotof-15-768x512.jpg 768w, https:\/\/diarioregionaldigital.com.br\/wp-content\/uploads\/2018\/05\/fotof-15-1024x683.jpg 1024w, https:\/\/diarioregionaldigital.com.br\/wp-content\/uploads\/2018\/05\/fotof-15-360x240.jpg 360w\" sizes=\"auto, (max-width: 680px) 100vw, 680px\" \/><p id=\"caption-attachment-105994\" class=\"wp-caption-text\">A apresentadora Renata Lana e a produtora Liliane Oliveira<\/p><\/div>\n<div id=\"attachment_105995\" style=\"width: 690px\" class=\"wp-caption aligncenter\"><img loading=\"lazy\" decoding=\"async\" aria-describedby=\"caption-attachment-105995\" class=\"wp-image-105995\" src=\"http:\/\/diarioregionaljf.com.br\/wp-content\/uploads\/2018\/05\/fotog-14.jpg\" alt=\"\" width=\"680\" height=\"453\" srcset=\"https:\/\/diarioregionaldigital.com.br\/wp-content\/uploads\/2018\/05\/fotog-14.jpg 5184w, https:\/\/diarioregionaldigital.com.br\/wp-content\/uploads\/2018\/05\/fotog-14-300x200.jpg 300w, https:\/\/diarioregionaldigital.com.br\/wp-content\/uploads\/2018\/05\/fotog-14-768x512.jpg 768w, https:\/\/diarioregionaldigital.com.br\/wp-content\/uploads\/2018\/05\/fotog-14-1024x683.jpg 1024w, https:\/\/diarioregionaldigital.com.br\/wp-content\/uploads\/2018\/05\/fotog-14-360x240.jpg 360w\" sizes=\"auto, (max-width: 680px) 100vw, 680px\" \/><p id=\"caption-attachment-105995\" class=\"wp-caption-text\">Provocando aplausos, a banda Blend 87<\/p><\/div>\n<div id=\"attachment_105997\" style=\"width: 690px\" class=\"wp-caption aligncenter\"><img loading=\"lazy\" decoding=\"async\" aria-describedby=\"caption-attachment-105997\" class=\"wp-image-105997\" src=\"http:\/\/diarioregionaljf.com.br\/wp-content\/uploads\/2018\/05\/fotoi-15.jpg\" alt=\"\" width=\"680\" height=\"453\" \/><p id=\"caption-attachment-105997\" class=\"wp-caption-text\">Contabilizando talento e beleza, Brenda Rotondo<\/p><\/div>\n<div id=\"attachment_106056\" style=\"width: 690px\" class=\"wp-caption aligncenter\"><img loading=\"lazy\" decoding=\"async\" aria-describedby=\"caption-attachment-106056\" class=\"wp-image-106056\" src=\"http:\/\/diarioregionaljf.com.br\/wp-content\/uploads\/2018\/05\/foto-3.jpg\" alt=\"\" width=\"680\" height=\"666\" srcset=\"https:\/\/diarioregionaldigital.com.br\/wp-content\/uploads\/2018\/05\/foto-3.jpg 3198w, https:\/\/diarioregionaldigital.com.br\/wp-content\/uploads\/2018\/05\/foto-3-300x294.jpg 300w, https:\/\/diarioregionaldigital.com.br\/wp-content\/uploads\/2018\/05\/foto-3-768x752.jpg 768w, https:\/\/diarioregionaldigital.com.br\/wp-content\/uploads\/2018\/05\/foto-3-1024x1003.jpg 1024w, https:\/\/diarioregionaldigital.com.br\/wp-content\/uploads\/2018\/05\/foto-3-360x353.jpg 360w\" sizes=\"auto, (max-width: 680px) 100vw, 680px\" \/><p id=\"caption-attachment-106056\" class=\"wp-caption-text\">Dois talentos, Jo\u00e3o Carlos (Treinar) e o petisqueiro Tenchini<\/p><\/div>\n<div id=\"attachment_106005\" style=\"width: 690px\" class=\"wp-caption aligncenter\"><img loading=\"lazy\" decoding=\"async\" aria-describedby=\"caption-attachment-106005\" class=\"wp-image-106005\" src=\"http:\/\/diarioregionaljf.com.br\/wp-content\/uploads\/2018\/05\/fotoj-16.jpg\" alt=\"\" width=\"680\" height=\"453\" srcset=\"https:\/\/diarioregionaldigital.com.br\/wp-content\/uploads\/2018\/05\/fotoj-16.jpg 5184w, https:\/\/diarioregionaldigital.com.br\/wp-content\/uploads\/2018\/05\/fotoj-16-300x200.jpg 300w, https:\/\/diarioregionaldigital.com.br\/wp-content\/uploads\/2018\/05\/fotoj-16-768x512.jpg 768w, https:\/\/diarioregionaldigital.com.br\/wp-content\/uploads\/2018\/05\/fotoj-16-1024x683.jpg 1024w, https:\/\/diarioregionaldigital.com.br\/wp-content\/uploads\/2018\/05\/fotoj-16-360x240.jpg 360w\" sizes=\"auto, (max-width: 680px) 100vw, 680px\" \/><p id=\"caption-attachment-106005\" class=\"wp-caption-text\">O visual decorativo do evento Premium FM Festival<\/p><\/div>\n<p style=\"text-align: center;\"><strong>FOTOSS\u00cdNTESE<\/strong><\/p>\n<p style=\"text-align: left;\">Fot\u00f3grafo de astros e estrelas e professor de dan\u00e7a Valdir J\u00fanior agora \u00e9 propriet\u00e1rio da Padaria Trigale na Av.Rui Barbosa, n\u00ba 1227, em Santa Terezinha. Para ajudar a mobilizar os bolos, tortas, p\u00e3es, lanches e bebidas ele convocou para s\u00f3cias, as irm\u00e3s Valquiria, Renata e Quivia Poliana.<\/p>\n<p style=\"text-align: left;\">Para comemorar em grande estilo 25 anos de carreira, a premiada artista pl\u00e1stica Nequitz Miguel abre exposi\u00e7\u00e3o de seus trabalhos, no dia 19 de junho, de 19h \u00e0s 22h, no Espa\u00e7o Cultural Correios.<\/p>\n<p style=\"text-align: left;\">De forma simples e cultural, a Revista Oblivio circula nos lugares antenados da cidade. Palmas para os editores Felipe Duque e Thiago da Silva Camilo.<\/p>\n<p style=\"text-align: left;\">Exemplo de seriedade e compet\u00eancia, os m\u00e9dicos Jos\u00e9 Roberto Lanziotti dos Reis e o filho Ricardo Lanziotti atuam na Cl\u00ednica Lanziotti Coloproctologia, na Av. Rio Branco, 2370\/1027.<\/p>\n<p style=\"text-align: left;\">Agendado para 17 de julho a 22 de novembro de 2018, o XXVIII Curso de Estudos de Pol\u00edtica Estrat\u00e9gia da Adesg\/ JF. Ser\u00e1 sempre \u00e0s ter\u00e7as, quartas e quintas-feiras, das 20h \u00e0s 22h30. Na coordena\u00e7\u00e3o, a delegada regional Neuza Bernardes.<\/p>\n<p style=\"text-align: left;\">Para manuten\u00e7\u00e3o dos equipamentos, a emiss\u00e3o de carteira de identidade do Posto de Identifica\u00e7\u00e3o Civil que funciona no Pal\u00e1cio Barbosa Lima, sede do Poder Legislativo, est\u00e1 suspensa temporariamente.<\/p>\n<p style=\"text-align: left;\">Foi na Galeria Maria Am\u00e1lia, no Museu Mariano Proc\u00f3pio, uma interessante aula de direito para os alunos da Facsum orientados pelo professor Deo Campos Dutra, com foco no acervo do museu do passado aos dias atuais.<\/p>\n<p style=\"text-align: left;\">Foi durante a entrega da \u201cMedalha do M\u00e9rito Industrial\u201d, promovido pela FIEMG na Sala Minas Gerais na capital mineira, a posse na presid\u00eancia da Fiemg de Fl\u00e1vio Roscol, sucedendo Olavo Machado.<\/p>\n<p style=\"text-align: left;\">Dica: o petisco fil\u00e9 com palmito do Bar Du Buneco no Manoel Hon\u00f3rio. Melhor que tem pelas redondezas.<\/p>\n<p style=\"text-align: left;\">At\u00e9 1\u00ba de julho, o Grupo Divulga\u00e7\u00e3o est\u00e1 em cartaz com o novo espet\u00e1culo \u201cCirco Theatro Brazil\u201d. De quarta a domingo no Teatro do Forum da Cultura\/UFJF.<\/p>\n<p style=\"text-align: left;\">Contabilizando imenso sucesso, o Grupo Alquimia lan\u00e7ou o CD \u201cNo caminho te explico\u201d, no Privil\u00e8ge. O disco tem produ\u00e7\u00e3o de Wilson Prateado.<\/p>\n<p style=\"text-align: left;\">Sumid\u00edssima do circuito Social, a el\u00e9trica Ivete Gomes. Precisa aparecer para o bem de todos e felicidade geral da na\u00e7\u00e3o.<\/p>\n<p style=\"text-align: left;\">Aten\u00e7\u00e3o Brother: Fazer o que voc\u00ea gosta e deseja n\u00e3o \u00e9 necessariamente uma boa maneira de construir relacionamentos de solidariedade. As pessoas v\u00e3o enxergar nessa atitude que voc\u00ea pensa apenas em si e se desinteressa por elas. T\u00f4 de olho! Bom dia.<\/p>\n","protected":false},"excerpt":{"rendered":"<p>Comunica\u00e7\u00e3o Com o calend\u00e1rio marcando o dia 9 de julho, a ag\u00eancia Go! M\u00eddia promove em Juiz de Fora o Workshop Inbound 360\u00b0 que vai permitir aos estudantes e profissionais da cidade uma imers\u00e3o na estrat\u00e9gia de comunica\u00e7\u00e3o que mais cresce no mercado. Cristiano Coppus, Rog\u00e9rio Rocha, Renato Bon\u00e1rio e Isabela Louren\u00e7o ser\u00e3o os respons\u00e1veis [&hellip;]<\/p>\n","protected":false},"author":96,"featured_media":105998,"comment_status":"closed","ping_status":"closed","sticky":false,"template":"","format":"standard","meta":{"footnotes":""},"categories":[264],"tags":[],"class_list":["post-106012","post","type-post","status-publish","format-standard","has-post-thumbnail","hentry","category-eduardo-gomes"],"_links":{"self":[{"href":"https:\/\/diarioregionaldigital.com.br\/index.php?rest_route=\/wp\/v2\/posts\/106012","targetHints":{"allow":["GET"]}}],"collection":[{"href":"https:\/\/diarioregionaldigital.com.br\/index.php?rest_route=\/wp\/v2\/posts"}],"about":[{"href":"https:\/\/diarioregionaldigital.com.br\/index.php?rest_route=\/wp\/v2\/types\/post"}],"author":[{"embeddable":true,"href":"https:\/\/diarioregionaldigital.com.br\/index.php?rest_route=\/wp\/v2\/users\/96"}],"replies":[{"embeddable":true,"href":"https:\/\/diarioregionaldigital.com.br\/index.php?rest_route=%2Fwp%2Fv2%2Fcomments&post=106012"}],"version-history":[{"count":0,"href":"https:\/\/diarioregionaldigital.com.br\/index.php?rest_route=\/wp\/v2\/posts\/106012\/revisions"}],"wp:featuredmedia":[{"embeddable":true,"href":"https:\/\/diarioregionaldigital.com.br\/index.php?rest_route=\/wp\/v2\/media\/105998"}],"wp:attachment":[{"href":"https:\/\/diarioregionaldigital.com.br\/index.php?rest_route=%2Fwp%2Fv2%2Fmedia&parent=106012"}],"wp:term":[{"taxonomy":"category","embeddable":true,"href":"https:\/\/diarioregionaldigital.com.br\/index.php?rest_route=%2Fwp%2Fv2%2Fcategories&post=106012"},{"taxonomy":"post_tag","embeddable":true,"href":"https:\/\/diarioregionaldigital.com.br\/index.php?rest_route=%2Fwp%2Fv2%2Ftags&post=106012"}],"curies":[{"name":"wp","href":"https:\/\/api.w.org\/{rel}","templated":true}]}}