{"id":106007,"date":"2018-05-28T17:47:55","date_gmt":"2018-05-28T20:47:55","guid":{"rendered":"http:\/\/diarioregionaljf.com.br\/?p=106007"},"modified":"2018-05-28T17:47:55","modified_gmt":"2018-05-28T20:47:55","slug":"tjmg-abre-inscricoes-de-concurso-para-juiz-com-salario-de-r-26-mil","status":"publish","type":"post","link":"https:\/\/diarioregionaldigital.com.br\/?p=106007","title":{"rendered":"TJMG abre inscri\u00e7\u00f5es de concurso para juiz com sal\u00e1rio de R$ 26 mil"},"content":{"rendered":"<p>O Tribunal de Justi\u00e7a do Estado de Minas Gerais (TJMG) abriu nessa segunda-feira, 28, as inscri\u00e7\u00f5es para o concurso p\u00fablico para Juiz de Direito Substituto. O certame oferece 120 vagas, sendo 84 para ampla concorr\u00eancia, 24 para negros e 12 para pessoas com defici\u00eancia. O sal\u00e1rio inicial do cargo \u00e9 de R$26.125,17.<\/p>\n<p>Para ingressar na carreira, o candidato deve possuir bacharelado em Direito h\u00e1 ao menos 3 anos, bem como ter exercido atividade jur\u00eddica por no m\u00ednimo 3 anos. Os demais requisitos podem ser verificados no edital.<\/p>\n<p>As inscri\u00e7\u00f5es para o concurso seguem at\u00e9 26 de junho, atrav\u00e9s do site da organizadora do certame, www.consulplan.net. A taxa \u00e9 de R$260.<\/p>\n<p><strong>Etapas<\/strong><\/p>\n<p>Al\u00e9m da primeira fase, composta de uma prova objetiva (eliminat\u00f3ria e classificat\u00f3ria), os candidatos ainda realizar\u00e3o duas provas escritas (eliminat\u00f3rias e classificat\u00f3rias); inscri\u00e7\u00e3o definitiva composta de avalia\u00e7\u00e3o m\u00e9dica e psicol\u00f3gica, sindic\u00e2ncia da vida pregressa e investiga\u00e7\u00e3o social (car\u00e1ter eliminat\u00f3rio); prova oral (eliminat\u00f3ria e classificat\u00f3ria) e avalia\u00e7\u00e3o de t\u00edtulos (classificat\u00f3ria).<\/p>\n<p>A primeira etapa &#8211; prova objetiva seletiva &#8211; est\u00e1 programada para o dia 2 de setembro, em Belo Horizonte, com hor\u00e1rio ainda a ser divulgado.<\/p>\n<p><strong>Canais de contato<\/strong><\/p>\n<p>Informa\u00e7\u00f5es sobre o concurso podem ser obtidas atrav\u00e9s do n\u00famero 0800-283-4628 (Atendimento de segunda a sexta-feira, das 8h \u00e0s 17h) ou pelo e-mail atendimento@consulplan.com.<\/p>\n<p>Fonte: Assessoria<\/p>\n","protected":false},"excerpt":{"rendered":"<p>O Tribunal de Justi\u00e7a do Estado de Minas Gerais (TJMG) abriu nessa segunda-feira, 28, as inscri\u00e7\u00f5es para o concurso p\u00fablico para Juiz de Direito Substituto. O certame oferece 120 vagas, sendo 84 para ampla concorr\u00eancia, 24 para negros e 12 para pessoas com defici\u00eancia. O sal\u00e1rio inicial do cargo \u00e9 de R$26.125,17. Para ingressar na [&hellip;]<\/p>\n","protected":false},"author":96,"featured_media":106010,"comment_status":"closed","ping_status":"closed","sticky":false,"template":"","format":"standard","meta":{"footnotes":""},"categories":[280,436,439],"tags":[],"class_list":["post-106007","post","type-post","status-publish","format-standard","has-post-thumbnail","hentry","category-concurso","category-destaque-da-semana","category-ultima-hora"],"_links":{"self":[{"href":"https:\/\/diarioregionaldigital.com.br\/index.php?rest_route=\/wp\/v2\/posts\/106007","targetHints":{"allow":["GET"]}}],"collection":[{"href":"https:\/\/diarioregionaldigital.com.br\/index.php?rest_route=\/wp\/v2\/posts"}],"about":[{"href":"https:\/\/diarioregionaldigital.com.br\/index.php?rest_route=\/wp\/v2\/types\/post"}],"author":[{"embeddable":true,"href":"https:\/\/diarioregionaldigital.com.br\/index.php?rest_route=\/wp\/v2\/users\/96"}],"replies":[{"embeddable":true,"href":"https:\/\/diarioregionaldigital.com.br\/index.php?rest_route=%2Fwp%2Fv2%2Fcomments&post=106007"}],"version-history":[{"count":0,"href":"https:\/\/diarioregionaldigital.com.br\/index.php?rest_route=\/wp\/v2\/posts\/106007\/revisions"}],"wp:featuredmedia":[{"embeddable":true,"href":"https:\/\/diarioregionaldigital.com.br\/index.php?rest_route=\/wp\/v2\/media\/106010"}],"wp:attachment":[{"href":"https:\/\/diarioregionaldigital.com.br\/index.php?rest_route=%2Fwp%2Fv2%2Fmedia&parent=106007"}],"wp:term":[{"taxonomy":"category","embeddable":true,"href":"https:\/\/diarioregionaldigital.com.br\/index.php?rest_route=%2Fwp%2Fv2%2Fcategories&post=106007"},{"taxonomy":"post_tag","embeddable":true,"href":"https:\/\/diarioregionaldigital.com.br\/index.php?rest_route=%2Fwp%2Fv2%2Ftags&post=106007"}],"curies":[{"name":"wp","href":"https:\/\/api.w.org\/{rel}","templated":true}]}}