{"id":105984,"date":"2018-05-28T17:17:25","date_gmt":"2018-05-28T20:17:25","guid":{"rendered":"http:\/\/diarioregionaljf.com.br\/?p=105984"},"modified":"2018-05-28T17:17:50","modified_gmt":"2018-05-28T20:17:50","slug":"governador-fernando-pimentel-prorroga-ponto-facultativo","status":"publish","type":"post","link":"https:\/\/diarioregionaldigital.com.br\/?p=105984","title":{"rendered":"Governador Fernando Pimentel prorroga ponto facultativo"},"content":{"rendered":"<div class=\"clear \">\n<p>O governador de Minas Gerais, Fernando Pimentel, prorrogou o ponto facultativo nas reparti\u00e7\u00f5es p\u00fablicas estaduais para os dias 29 e 30 de maio e 1\u00ba de junho,\u00a0em raz\u00e3o da continuidade da greve dos caminhoneiros. O objetivo \u00e9 minimizar o uso de combust\u00edvel, a fim de preservar os servi\u00e7os essenciais.<\/p>\n<p>As aulas da rede estadual de ensino tamb\u00e9m ser\u00e3o suspensas neste per\u00edodo. Est\u00e3o mantidos os servi\u00e7os essenciais, como os m\u00e9dico-hospitalares, os de seguran\u00e7a p\u00fablica e de Unidades de Atendimento Integrado (UAIs). Todos os demais \u00f3rg\u00e3os do Estado tamb\u00e9m estar\u00e3o de plant\u00e3o para atenderem demandas b\u00e1sicas.<\/p>\n<\/div>\n<p>Fonte: Ag\u00eancia Minas<\/p>\n","protected":false},"excerpt":{"rendered":"<p>O governador de Minas Gerais, Fernando Pimentel, prorrogou o ponto facultativo nas reparti\u00e7\u00f5es p\u00fablicas estaduais para os dias 29 e 30 de maio e 1\u00ba de junho,\u00a0em raz\u00e3o da continuidade da greve dos caminhoneiros. O objetivo \u00e9 minimizar o uso de combust\u00edvel, a fim de preservar os servi\u00e7os essenciais. As aulas da rede estadual de [&hellip;]<\/p>\n","protected":false},"author":96,"featured_media":105985,"comment_status":"closed","ping_status":"closed","sticky":false,"template":"","format":"standard","meta":{"footnotes":""},"categories":[440,252,439],"tags":[],"class_list":["post-105984","post","type-post","status-publish","format-standard","has-post-thumbnail","hentry","category-destaques-do-dia","category-regiao","category-ultima-hora"],"_links":{"self":[{"href":"https:\/\/diarioregionaldigital.com.br\/index.php?rest_route=\/wp\/v2\/posts\/105984","targetHints":{"allow":["GET"]}}],"collection":[{"href":"https:\/\/diarioregionaldigital.com.br\/index.php?rest_route=\/wp\/v2\/posts"}],"about":[{"href":"https:\/\/diarioregionaldigital.com.br\/index.php?rest_route=\/wp\/v2\/types\/post"}],"author":[{"embeddable":true,"href":"https:\/\/diarioregionaldigital.com.br\/index.php?rest_route=\/wp\/v2\/users\/96"}],"replies":[{"embeddable":true,"href":"https:\/\/diarioregionaldigital.com.br\/index.php?rest_route=%2Fwp%2Fv2%2Fcomments&post=105984"}],"version-history":[{"count":0,"href":"https:\/\/diarioregionaldigital.com.br\/index.php?rest_route=\/wp\/v2\/posts\/105984\/revisions"}],"wp:featuredmedia":[{"embeddable":true,"href":"https:\/\/diarioregionaldigital.com.br\/index.php?rest_route=\/wp\/v2\/media\/105985"}],"wp:attachment":[{"href":"https:\/\/diarioregionaldigital.com.br\/index.php?rest_route=%2Fwp%2Fv2%2Fmedia&parent=105984"}],"wp:term":[{"taxonomy":"category","embeddable":true,"href":"https:\/\/diarioregionaldigital.com.br\/index.php?rest_route=%2Fwp%2Fv2%2Fcategories&post=105984"},{"taxonomy":"post_tag","embeddable":true,"href":"https:\/\/diarioregionaldigital.com.br\/index.php?rest_route=%2Fwp%2Fv2%2Ftags&post=105984"}],"curies":[{"name":"wp","href":"https:\/\/api.w.org\/{rel}","templated":true}]}}