{"id":105982,"date":"2018-05-28T17:03:44","date_gmt":"2018-05-28T20:03:44","guid":{"rendered":"http:\/\/diarioregionaljf.com.br\/?p=105982"},"modified":"2018-05-28T17:18:00","modified_gmt":"2018-05-28T20:18:00","slug":"seminario-debate-nesta-quarta-feira-descriminalizacao-do-aborto","status":"publish","type":"post","link":"https:\/\/diarioregionaldigital.com.br\/?p=105982","title":{"rendered":"Semin\u00e1rio debate nesta quarta-feira descriminaliza\u00e7\u00e3o do aborto"},"content":{"rendered":"<p>As comiss\u00f5es de Seguridade Social e Fam\u00edlia, de Defesa dos Direitos das Pessoas com Defici\u00eancia e de Direitos Humanos da C\u00e2mara, em conjunto com a Comiss\u00e3o de Legisla\u00e7\u00e3o Participativa do Senado, promovem semin\u00e1rio nesta quarta-feira, 30, para discutir a\u00e7\u00e3o em que o PSOL pede que o Supremo Tribunal Federal (STF) reavalie a criminaliza\u00e7\u00e3o do aborto no Brasil.<\/p>\n<p>O partido alega que a Constitui\u00e7\u00e3o Federal garante a liberdade de consci\u00eancia e cren\u00e7a e pede que o STF declare ilegal a criminaliza\u00e7\u00e3o do aborto previsto no c\u00f3digo penal.<\/p>\n<p>Autor do requerimento para o semin\u00e1rio, o deputado Diego Garcia (Pode-PR), defende que a descriminaliza\u00e7\u00e3o da conduta, se for o caso, dever\u00e1 ocorrer por interm\u00e9dio do Poder Legislativo.<\/p>\n<p>Outro deputado a subscrever o requerimento, S\u00f3stenes Cavalcante (DEM-RJ) considera importante retomar o debate no Congresso Nacional. \u201cNa Casa onde o povo brasileiro tem seus representantes\u201d, disse.<\/p>\n<p>Foram convidados para participar do semin\u00e1rio autoridades, advogados, professores, e representantes religiosos.<\/p>\n<p>O semin\u00e1rio ser\u00e1 nesta quarta a partir das 9h, no Audit\u00f3rio Nereu Ramos, com transmiss\u00e3o interativa pelo e-Democracia.<\/p>\n<p>&nbsp;<\/p>\n<p>Fonte: Ag\u00eancia C\u00e2mara Not\u00edcias<\/p>\n","protected":false},"excerpt":{"rendered":"<p>As comiss\u00f5es de Seguridade Social e Fam\u00edlia, de Defesa dos Direitos das Pessoas com Defici\u00eancia e de Direitos Humanos da C\u00e2mara, em conjunto com a Comiss\u00e3o de Legisla\u00e7\u00e3o Participativa do Senado, promovem semin\u00e1rio nesta quarta-feira, 30, para discutir a\u00e7\u00e3o em que o PSOL pede que o Supremo Tribunal Federal (STF) reavalie a criminaliza\u00e7\u00e3o do aborto [&hellip;]<\/p>\n","protected":false},"author":96,"featured_media":97343,"comment_status":"closed","ping_status":"closed","sticky":false,"template":"","format":"standard","meta":{"footnotes":""},"categories":[254,439],"tags":[],"class_list":["post-105982","post","type-post","status-publish","format-standard","has-post-thumbnail","hentry","category-politica","category-ultima-hora"],"_links":{"self":[{"href":"https:\/\/diarioregionaldigital.com.br\/index.php?rest_route=\/wp\/v2\/posts\/105982","targetHints":{"allow":["GET"]}}],"collection":[{"href":"https:\/\/diarioregionaldigital.com.br\/index.php?rest_route=\/wp\/v2\/posts"}],"about":[{"href":"https:\/\/diarioregionaldigital.com.br\/index.php?rest_route=\/wp\/v2\/types\/post"}],"author":[{"embeddable":true,"href":"https:\/\/diarioregionaldigital.com.br\/index.php?rest_route=\/wp\/v2\/users\/96"}],"replies":[{"embeddable":true,"href":"https:\/\/diarioregionaldigital.com.br\/index.php?rest_route=%2Fwp%2Fv2%2Fcomments&post=105982"}],"version-history":[{"count":0,"href":"https:\/\/diarioregionaldigital.com.br\/index.php?rest_route=\/wp\/v2\/posts\/105982\/revisions"}],"wp:featuredmedia":[{"embeddable":true,"href":"https:\/\/diarioregionaldigital.com.br\/index.php?rest_route=\/wp\/v2\/media\/97343"}],"wp:attachment":[{"href":"https:\/\/diarioregionaldigital.com.br\/index.php?rest_route=%2Fwp%2Fv2%2Fmedia&parent=105982"}],"wp:term":[{"taxonomy":"category","embeddable":true,"href":"https:\/\/diarioregionaldigital.com.br\/index.php?rest_route=%2Fwp%2Fv2%2Fcategories&post=105982"},{"taxonomy":"post_tag","embeddable":true,"href":"https:\/\/diarioregionaldigital.com.br\/index.php?rest_route=%2Fwp%2Fv2%2Ftags&post=105982"}],"curies":[{"name":"wp","href":"https:\/\/api.w.org\/{rel}","templated":true}]}}