{"id":105971,"date":"2018-05-28T16:19:51","date_gmt":"2018-05-28T19:19:51","guid":{"rendered":"http:\/\/diarioregionaljf.com.br\/?p=105971"},"modified":"2018-05-28T16:24:08","modified_gmt":"2018-05-28T19:24:08","slug":"ief-inicia-consulta-publica-sobre-a-criacao-do-parque-estadual-da-mata-do-krambeck","status":"publish","type":"post","link":"https:\/\/diarioregionaldigital.com.br\/?p=105971","title":{"rendered":"IEF inicia consulta p\u00fablica sobre a cria\u00e7\u00e3o do Parque Estadual da Mata do Krambeck"},"content":{"rendered":"<p>O Instituto Estadual de Florestas (IEF) inicia o processo de consulta p\u00fablica do projeto de cria\u00e7\u00e3o do Parque Estadual da Mata do Krambeck, Unidade de Conserva\u00e7\u00e3o de prote\u00e7\u00e3o integral localizada no munic\u00edpio de Juiz de Fora.<\/p>\n<p>O processo de consulta p\u00fablica \u00e9 conduzido pelo \u00f3rg\u00e3o proponente pela cria\u00e7\u00e3o da Unidade de Conserva\u00e7\u00e3o e tem como objetivo receber a opini\u00e3o e sugest\u00f5es das popula\u00e7\u00f5es e institui\u00e7\u00f5es envolvidas, visando tornar tal processo mais transparente e participativo.<\/p>\n<p>Conforme previsto na Lei Estadual n\u00ba 20.922\/13, a cria\u00e7\u00e3o das Unidades de Conserva\u00e7\u00e3o deve ser precedida de processo consultivo (Art. 44 &#8211; \u00a73\u00ba), com no m\u00ednimo 45 (quarenta e cinco) dias de dura\u00e7\u00e3o, no qual ser\u00e3o fornecidas informa\u00e7\u00f5es sobre a localiza\u00e7\u00e3o, dimens\u00e3o, limites e as consequ\u00eancias para as popula\u00e7\u00f5es e institui\u00e7\u00f5es envolvidas. Tais informa\u00e7\u00f5es devem ser adequadas \u00e0 compreens\u00e3o da popula\u00e7\u00e3o local e outros interessados por meio da disponibiliza\u00e7\u00e3o do estudo t\u00e9cnico, bem como audi\u00eancias p\u00fablicas a serem realizadas nos munic\u00edpios envolvidos.<\/p>\n<p>Para acessar a nota t\u00e9cnica para cria\u00e7\u00e3o do Parque Estadual da Mata do Krambeck,\u00a0<strong><a href=\"http:\/\/www.ief.mg.gov.br\/images\/stories\/2018\/CONSULTA_PUBLICA\/Parque_Estadual_da_Mata_do_Krambeck\/NOTA_T%C3%89CNICA_-_PE_Mata_do_Krambeck.pdf\">clique aqui<\/a><\/strong>.<\/p>\n<p>As informa\u00e7\u00f5es sobre a proposta de cria\u00e7\u00e3o tamb\u00e9m encontram-se \u00e0 disposi\u00e7\u00e3o dos interessados no N\u00facleo de Apoio do Escrit\u00f3rio Regional Mata do IEF, situado na Rua Santos Dumont, n\u00ba 420, no bairro Granbery, regi\u00e3o Central.<\/p>\n<p>&nbsp;<\/p>\n<p>Fonte: Assessoria<\/p>\n","protected":false},"excerpt":{"rendered":"<p>O Instituto Estadual de Florestas (IEF) inicia o processo de consulta p\u00fablica do projeto de cria\u00e7\u00e3o do Parque Estadual da Mata do Krambeck, Unidade de Conserva\u00e7\u00e3o de prote\u00e7\u00e3o integral localizada no munic\u00edpio de Juiz de Fora. O processo de consulta p\u00fablica \u00e9 conduzido pelo \u00f3rg\u00e3o proponente pela cria\u00e7\u00e3o da Unidade de Conserva\u00e7\u00e3o e tem como [&hellip;]<\/p>\n","protected":false},"author":96,"featured_media":105973,"comment_status":"closed","ping_status":"closed","sticky":false,"template":"","format":"standard","meta":{"footnotes":""},"categories":[253,439],"tags":[],"class_list":["post-105971","post","type-post","status-publish","format-standard","has-post-thumbnail","hentry","category-cidade","category-ultima-hora"],"_links":{"self":[{"href":"https:\/\/diarioregionaldigital.com.br\/index.php?rest_route=\/wp\/v2\/posts\/105971","targetHints":{"allow":["GET"]}}],"collection":[{"href":"https:\/\/diarioregionaldigital.com.br\/index.php?rest_route=\/wp\/v2\/posts"}],"about":[{"href":"https:\/\/diarioregionaldigital.com.br\/index.php?rest_route=\/wp\/v2\/types\/post"}],"author":[{"embeddable":true,"href":"https:\/\/diarioregionaldigital.com.br\/index.php?rest_route=\/wp\/v2\/users\/96"}],"replies":[{"embeddable":true,"href":"https:\/\/diarioregionaldigital.com.br\/index.php?rest_route=%2Fwp%2Fv2%2Fcomments&post=105971"}],"version-history":[{"count":0,"href":"https:\/\/diarioregionaldigital.com.br\/index.php?rest_route=\/wp\/v2\/posts\/105971\/revisions"}],"wp:featuredmedia":[{"embeddable":true,"href":"https:\/\/diarioregionaldigital.com.br\/index.php?rest_route=\/wp\/v2\/media\/105973"}],"wp:attachment":[{"href":"https:\/\/diarioregionaldigital.com.br\/index.php?rest_route=%2Fwp%2Fv2%2Fmedia&parent=105971"}],"wp:term":[{"taxonomy":"category","embeddable":true,"href":"https:\/\/diarioregionaldigital.com.br\/index.php?rest_route=%2Fwp%2Fv2%2Fcategories&post=105971"},{"taxonomy":"post_tag","embeddable":true,"href":"https:\/\/diarioregionaldigital.com.br\/index.php?rest_route=%2Fwp%2Fv2%2Ftags&post=105971"}],"curies":[{"name":"wp","href":"https:\/\/api.w.org\/{rel}","templated":true}]}}