{"id":105966,"date":"2018-05-28T13:42:18","date_gmt":"2018-05-28T16:42:18","guid":{"rendered":"http:\/\/diarioregionaljf.com.br\/?p=105966"},"modified":"2018-05-28T13:42:18","modified_gmt":"2018-05-28T16:42:18","slug":"medidas-de-acordo-com-caminhoneiros-nao-impactara-proximo-governo","status":"publish","type":"post","link":"https:\/\/diarioregionaldigital.com.br\/?p=105966","title":{"rendered":"Medidas de acordo com caminhoneiros n\u00e3o impactar\u00e1 pr\u00f3ximo governo"},"content":{"rendered":"<p>O\u00a0ministro da Fazenda, Eduardo Guardia, afirmou nessa segunda-feira, 28, que as medidas adotadas no acordo com os caminhoneiros n\u00e3o acarretar\u00e3o nenhum impacto para o pr\u00f3ximo o governo. Ele adiantou que o governo vai cortar R$ 3,8 bilh\u00f5es em despesas do Or\u00e7amento para garantir a redu\u00e7\u00e3o de R$ 0,46 do valor do pre\u00e7o do \u00f3leo diesel.<\/p>\n<p>O\u00a0custo da redu\u00e7\u00e3o do pre\u00e7o do diesel deve ficar em R$ 9,5 bilh\u00f5es este ano, parte dos recursos vir\u00e1 do Or\u00e7amento. O restante ser\u00e1 obtido pela reonera\u00e7\u00e3o da folha de pagamento para compensar a elimina\u00e7\u00e3o da Contribui\u00e7\u00e3o de Interven\u00e7\u00e3o no Dom\u00ednio Econ\u00f4mico (Cide-combust\u00edveis) sobre o diesel, assim como a cria\u00e7\u00e3o de um programa\u00e7\u00e3o de subven\u00e7\u00e3o.<\/p>\n<p>&#8220;T\u00ednhamos um problema grav\u00edssimo para resolver. Evidentemente, isso tem um impacto na nossa margem. N\u00f3s fomos at\u00e9 o limite do que poder\u00edamos fazer&#8221;, disse o ministro.<\/p>\n<p>Guardia disse ainda que o Conselho de Administra\u00e7\u00e3o da Petrobras vai analisar nesta ter\u00e7a-feira (29), a nova pol\u00edtica de pre\u00e7os para o \u00f3leo diesel. Em discuss\u00e3o, a proposta de reajuste daqui a 60 dias, depois mensalmente.<\/p>\n<p>O ministro ressaltou que a Petrobras ter\u00e1 liberdade para definir a pol\u00edtica de pre\u00e7os.<\/p>\n<p>Fonte: Ag\u00eancia Brasil<\/p>\n","protected":false},"excerpt":{"rendered":"<p>O\u00a0ministro da Fazenda, Eduardo Guardia, afirmou nessa segunda-feira, 28, que as medidas adotadas no acordo com os caminhoneiros n\u00e3o acarretar\u00e3o nenhum impacto para o pr\u00f3ximo o governo. Ele adiantou que o governo vai cortar R$ 3,8 bilh\u00f5es em despesas do Or\u00e7amento para garantir a redu\u00e7\u00e3o de R$ 0,46 do valor do pre\u00e7o do \u00f3leo diesel. [&hellip;]<\/p>\n","protected":false},"author":96,"featured_media":97343,"comment_status":"closed","ping_status":"closed","sticky":false,"template":"","format":"standard","meta":{"footnotes":""},"categories":[254,439],"tags":[],"class_list":["post-105966","post","type-post","status-publish","format-standard","has-post-thumbnail","hentry","category-politica","category-ultima-hora"],"_links":{"self":[{"href":"https:\/\/diarioregionaldigital.com.br\/index.php?rest_route=\/wp\/v2\/posts\/105966","targetHints":{"allow":["GET"]}}],"collection":[{"href":"https:\/\/diarioregionaldigital.com.br\/index.php?rest_route=\/wp\/v2\/posts"}],"about":[{"href":"https:\/\/diarioregionaldigital.com.br\/index.php?rest_route=\/wp\/v2\/types\/post"}],"author":[{"embeddable":true,"href":"https:\/\/diarioregionaldigital.com.br\/index.php?rest_route=\/wp\/v2\/users\/96"}],"replies":[{"embeddable":true,"href":"https:\/\/diarioregionaldigital.com.br\/index.php?rest_route=%2Fwp%2Fv2%2Fcomments&post=105966"}],"version-history":[{"count":0,"href":"https:\/\/diarioregionaldigital.com.br\/index.php?rest_route=\/wp\/v2\/posts\/105966\/revisions"}],"wp:featuredmedia":[{"embeddable":true,"href":"https:\/\/diarioregionaldigital.com.br\/index.php?rest_route=\/wp\/v2\/media\/97343"}],"wp:attachment":[{"href":"https:\/\/diarioregionaldigital.com.br\/index.php?rest_route=%2Fwp%2Fv2%2Fmedia&parent=105966"}],"wp:term":[{"taxonomy":"category","embeddable":true,"href":"https:\/\/diarioregionaldigital.com.br\/index.php?rest_route=%2Fwp%2Fv2%2Fcategories&post=105966"},{"taxonomy":"post_tag","embeddable":true,"href":"https:\/\/diarioregionaldigital.com.br\/index.php?rest_route=%2Fwp%2Fv2%2Ftags&post=105966"}],"curies":[{"name":"wp","href":"https:\/\/api.w.org\/{rel}","templated":true}]}}