{"id":105963,"date":"2018-05-28T13:35:55","date_gmt":"2018-05-28T16:35:55","guid":{"rendered":"http:\/\/diarioregionaljf.com.br\/?p=105963"},"modified":"2018-05-28T13:36:20","modified_gmt":"2018-05-28T16:36:20","slug":"petrobras-reduz-preco-da-gasolina-em-28-nas-refinarias","status":"publish","type":"post","link":"https:\/\/diarioregionaldigital.com.br\/?p=105963","title":{"rendered":"Petrobras reduz pre\u00e7o da gasolina em 2,8% nas refinarias"},"content":{"rendered":"<p>A Petrobras reduziu, pela quinta vez consecutiva, o pre\u00e7o da gasolina nas refinarias. A partir desta ter\u00e7a-feira, 29, o combust\u00edvel ter\u00e1 redu\u00e7\u00e3o de 2,8% no pre\u00e7o e passar\u00e1 a custar R$ 1,9526 por litro. Desde 16 de maio, a gasolina n\u00e3o custava menos do que R$ 2.<\/p>\n<p>Apesar disso, no m\u00eas de maio a gasolina acumula uma alta de 8,6%, j\u00e1 que, em 28 de abril, o litro do combust\u00edvel tinha o custo de R$ 1,7977.<\/p>\n<p>Fonte: Ag\u00eancia Brasil<\/p>\n","protected":false},"excerpt":{"rendered":"<p>A Petrobras reduziu, pela quinta vez consecutiva, o pre\u00e7o da gasolina nas refinarias. A partir desta ter\u00e7a-feira, 29, o combust\u00edvel ter\u00e1 redu\u00e7\u00e3o de 2,8% no pre\u00e7o e passar\u00e1 a custar R$ 1,9526 por litro. Desde 16 de maio, a gasolina n\u00e3o custava menos do que R$ 2. Apesar disso, no m\u00eas de maio a gasolina [&hellip;]<\/p>\n","protected":false},"author":96,"featured_media":105964,"comment_status":"closed","ping_status":"closed","sticky":false,"template":"","format":"standard","meta":{"footnotes":""},"categories":[436,261,439],"tags":[],"class_list":["post-105963","post","type-post","status-publish","format-standard","has-post-thumbnail","hentry","category-destaque-da-semana","category-economia","category-ultima-hora"],"_links":{"self":[{"href":"https:\/\/diarioregionaldigital.com.br\/index.php?rest_route=\/wp\/v2\/posts\/105963","targetHints":{"allow":["GET"]}}],"collection":[{"href":"https:\/\/diarioregionaldigital.com.br\/index.php?rest_route=\/wp\/v2\/posts"}],"about":[{"href":"https:\/\/diarioregionaldigital.com.br\/index.php?rest_route=\/wp\/v2\/types\/post"}],"author":[{"embeddable":true,"href":"https:\/\/diarioregionaldigital.com.br\/index.php?rest_route=\/wp\/v2\/users\/96"}],"replies":[{"embeddable":true,"href":"https:\/\/diarioregionaldigital.com.br\/index.php?rest_route=%2Fwp%2Fv2%2Fcomments&post=105963"}],"version-history":[{"count":0,"href":"https:\/\/diarioregionaldigital.com.br\/index.php?rest_route=\/wp\/v2\/posts\/105963\/revisions"}],"wp:featuredmedia":[{"embeddable":true,"href":"https:\/\/diarioregionaldigital.com.br\/index.php?rest_route=\/wp\/v2\/media\/105964"}],"wp:attachment":[{"href":"https:\/\/diarioregionaldigital.com.br\/index.php?rest_route=%2Fwp%2Fv2%2Fmedia&parent=105963"}],"wp:term":[{"taxonomy":"category","embeddable":true,"href":"https:\/\/diarioregionaldigital.com.br\/index.php?rest_route=%2Fwp%2Fv2%2Fcategories&post=105963"},{"taxonomy":"post_tag","embeddable":true,"href":"https:\/\/diarioregionaldigital.com.br\/index.php?rest_route=%2Fwp%2Fv2%2Ftags&post=105963"}],"curies":[{"name":"wp","href":"https:\/\/api.w.org\/{rel}","templated":true}]}}