{"id":105955,"date":"2018-05-28T13:07:58","date_gmt":"2018-05-28T16:07:58","guid":{"rendered":"http:\/\/diarioregionaljf.com.br\/?p=105955"},"modified":"2018-05-28T13:07:58","modified_gmt":"2018-05-28T16:07:58","slug":"ufjf-suspende-aulas-ate-a-proxima-segunda-feira-dia-4","status":"publish","type":"post","link":"https:\/\/diarioregionaldigital.com.br\/?p=105955","title":{"rendered":"UFJF suspende aulas at\u00e9 a pr\u00f3xima segunda-feira, dia 4"},"content":{"rendered":"<p>A Universidade Federal de Juiz de Fora, ap\u00f3s reuni\u00e3o extraordin\u00e1ria do Conselho Superior (Consu), decidiu suspender as aulas nesta ter\u00e7a e quarta-feira, 29 e 30, retornando no pr\u00f3ximo dia 4.<\/p>\n<p>O Restaurante Universit\u00e1rio (RU) funcionar\u00e1 nesta segunda-feira, 28, para o jantar e, nos dois pr\u00f3ximos dias, somente para almo\u00e7o com card\u00e1pio alternativo.<\/p>\n<p>A Pr\u00f3-reitoria de Gradua\u00e7\u00e3o (Prograd) futuramente reunir\u00e1 o Conselho de Gradua\u00e7\u00e3o a fim de redefinir o calend\u00e1rio acad\u00eamico.<\/p>\n<p>O reitor Marcus David iniciou a reuni\u00e3o abordando os \u00faltimos acontecimentos no pa\u00eds e as dificuldades de manuten\u00e7\u00e3o do RU aberto.<\/p>\n<p>O reitor mencionou tamb\u00e9m os esfor\u00e7os da Prefeitura de Juiz de Fora (PJF), a fim de garantir abastecimento de alguns ve\u00edculos para servi\u00e7os essenciais, o que poderia incluir a frota da UFJF \u2013 que tem funcionamento garantido somente at\u00e9 quarta-feira, dia 30 \u2013 mas isto ainda n\u00e3o foi confirmado, j\u00e1 que h\u00e1 depend\u00eancia dos entendimentos do poder p\u00fablico municipal.<\/p>\n<p>Em seguida, v\u00e1rios conselheiros se manifestaram e, entre eles, o coordenador do Sindicato dos Trabalhadores T\u00e9cnico-Administrativos em Educa\u00e7\u00e3o das Institui\u00e7\u00f5es Federais de Ensino no Munic\u00edpio de Juiz de Fora (Sintufejuf), Fl\u00e1vio Sereno, que informou sobre uma assembl\u00e9ia extraordin\u00e1ria na qual os TAEs definiram paralisar as atividades nos dias 28, 29 e 30 de maio.<\/p>\n<p>O reitor lembrou tamb\u00e9m dos servi\u00e7os essenciais que precisam ser continuados. Ap\u00f3s o Consu, a Administra\u00e7\u00e3o Superior se reuniu com o comando do sindicato para deliberar sobre esses servi\u00e7os que continuar\u00e3o a ser realizados enquanto da paralisa\u00e7\u00e3o.<\/p>\n<p>A Farm\u00e1cia Universit\u00e1ria funcionar\u00e1 nesta segunda, ter\u00e7a e quarta-feira, dias 28, 29 e 30, das 8h \u00e0s 12h.<\/p>\n<p>As bibliotecas n\u00e3o funcionar\u00e3o nestes dias, retornando \u00e0 atividade normal na pr\u00f3xima segunda-feira, 4.<\/p>\n<p>Caso o cen\u00e1rio n\u00e3o se altere, o Consu se reunir\u00e1 extraordinariamente na pr\u00f3xima segunda-feira, dia 4, para definir outros encaminhamentos.<\/p>\n<p>Fonte: Assessoria \/ UFJF<\/p>\n","protected":false},"excerpt":{"rendered":"<p>A Universidade Federal de Juiz de Fora, ap\u00f3s reuni\u00e3o extraordin\u00e1ria do Conselho Superior (Consu), decidiu suspender as aulas nesta ter\u00e7a e quarta-feira, 29 e 30, retornando no pr\u00f3ximo dia 4. O Restaurante Universit\u00e1rio (RU) funcionar\u00e1 nesta segunda-feira, 28, para o jantar e, nos dois pr\u00f3ximos dias, somente para almo\u00e7o com card\u00e1pio alternativo. A Pr\u00f3-reitoria de [&hellip;]<\/p>\n","protected":false},"author":96,"featured_media":105956,"comment_status":"closed","ping_status":"closed","sticky":false,"template":"","format":"standard","meta":{"footnotes":""},"categories":[253,436,439],"tags":[],"class_list":["post-105955","post","type-post","status-publish","format-standard","has-post-thumbnail","hentry","category-cidade","category-destaque-da-semana","category-ultima-hora"],"_links":{"self":[{"href":"https:\/\/diarioregionaldigital.com.br\/index.php?rest_route=\/wp\/v2\/posts\/105955","targetHints":{"allow":["GET"]}}],"collection":[{"href":"https:\/\/diarioregionaldigital.com.br\/index.php?rest_route=\/wp\/v2\/posts"}],"about":[{"href":"https:\/\/diarioregionaldigital.com.br\/index.php?rest_route=\/wp\/v2\/types\/post"}],"author":[{"embeddable":true,"href":"https:\/\/diarioregionaldigital.com.br\/index.php?rest_route=\/wp\/v2\/users\/96"}],"replies":[{"embeddable":true,"href":"https:\/\/diarioregionaldigital.com.br\/index.php?rest_route=%2Fwp%2Fv2%2Fcomments&post=105955"}],"version-history":[{"count":0,"href":"https:\/\/diarioregionaldigital.com.br\/index.php?rest_route=\/wp\/v2\/posts\/105955\/revisions"}],"wp:featuredmedia":[{"embeddable":true,"href":"https:\/\/diarioregionaldigital.com.br\/index.php?rest_route=\/wp\/v2\/media\/105956"}],"wp:attachment":[{"href":"https:\/\/diarioregionaldigital.com.br\/index.php?rest_route=%2Fwp%2Fv2%2Fmedia&parent=105955"}],"wp:term":[{"taxonomy":"category","embeddable":true,"href":"https:\/\/diarioregionaldigital.com.br\/index.php?rest_route=%2Fwp%2Fv2%2Fcategories&post=105955"},{"taxonomy":"post_tag","embeddable":true,"href":"https:\/\/diarioregionaldigital.com.br\/index.php?rest_route=%2Fwp%2Fv2%2Ftags&post=105955"}],"curies":[{"name":"wp","href":"https:\/\/api.w.org\/{rel}","templated":true}]}}