{"id":105950,"date":"2018-05-28T12:45:56","date_gmt":"2018-05-28T15:45:56","guid":{"rendered":"http:\/\/diarioregionaljf.com.br\/?p=105950"},"modified":"2018-05-28T15:54:56","modified_gmt":"2018-05-28T18:54:56","slug":"prefeitura-decreta-situacao-de-emergencia-em-jf-por-falta-de-combustivel","status":"publish","type":"post","link":"https:\/\/diarioregionaldigital.com.br\/?p=105950","title":{"rendered":"Prefeitura decreta situa\u00e7\u00e3o de emerg\u00eancia em JF por falta de combust\u00edvel"},"content":{"rendered":"<p>&nbsp;<\/p>\n<p>A Prefeitura de Juiz de Fora (PJF) decretou situa\u00e7\u00e3o de emerg\u00eancia no Munic\u00edpio. O decreto foi apresentado pelo prefeito Ant\u00f4nio Almas \u00e0 imprensa durante entrevista coletiva na manh\u00e3 dessa segunda-feira, 28, ap\u00f3s nova reuni\u00e3o do comit\u00ea de gerenciamento de crise. O documento ser\u00e1 publicado em edi\u00e7\u00e3o extraordin\u00e1ria do Atos do Governo e leva em considera\u00e7\u00e3o o desabastecimento de bens, produtos e g\u00eaneros de primeira necessidade na cidade devido ao impacto e gravidade dos efeitos decorrentes da paralisa\u00e7\u00e3o nacional dos caminhoneiros.<\/p>\n<p>Entre as medidas, o decreto prev\u00ea a prioridade para o abastecimento da frota de ve\u00edculos p\u00fablicos, ambul\u00e2ncias, transporte p\u00fablico escolar, viaturas policiais e bombeiros e aquela destinada ao transporte p\u00fablico, coletivo e t\u00e1xi. Pelo texto, o poder p\u00fablico tamb\u00e9m fica autorizado a adotar todas as medidas administrativas para o retorno \u00e0 normalidade, como a contrata\u00e7\u00e3o emergencial de fornecimento de bens e de presta\u00e7\u00e3o de servi\u00e7os essenciais.<\/p>\n<p>Al\u00e9m disso, o decreto define que, enquanto estiver vigente o estado de emerg\u00eancia, ficar\u00e1 assegurada a distribui\u00e7\u00e3o de at\u00e9 20 litros por ve\u00edculo ao dia e uma unidade de g\u00e1s de cozinha por unidade residencial, para garantir que o maior n\u00famero poss\u00edvel de consumidores tenha acesso aos combust\u00edveis.<\/p>\n<p>Por conta das dificuldades do transporte coletivo e dos preju\u00edzos ao abastecimento de insumos, o decreto tamb\u00e9m altera o funcionamento dos \u00f3rg\u00e3os p\u00fablicos municipais, durante a sua vig\u00eancia, para o hor\u00e1rio das 8h \u00e0s 14h, com exce\u00e7\u00e3o dos servi\u00e7os de urg\u00eancia e emerg\u00eancia ou que atuam em escala de plant\u00e3o, Cesama, Empav, Emcasa e aos servidores do Procon e do departamento de vigil\u00e2ncia da Secretaria de Sa\u00fade. Com isso, as unidades b\u00e1sicas de sa\u00fade voltar\u00e3o a funcionar a partir desta ter\u00e7a-feira neste hor\u00e1rio. O comit\u00ea de gerenciamento volta a se reunir nesta ter\u00e7a-feira para avaliar novamente a situa\u00e7\u00e3o.<\/p>\n<p><b>Comenda Henrique Halfeld \u00e9 adiada<\/b><\/p>\n<p>Ainda em fun\u00e7\u00e3o dos reflexos do movimento dos caminhoneiros, que tamb\u00e9m impactou fornecedores e o deslocamento em geral, a cerim\u00f4nia comemorativa do anivers\u00e1rio de Juiz de Fora em que seria entregue o M\u00e9rito Comendador Henrique Guilherme Fernando Halfeld nesta ter\u00e7a-feira, 29, foi adiada. Uma nova data ser\u00e1 verificada.<\/p>\n<p><b>Confira como seguem alguns servi\u00e7os da PJF:<\/b><\/p>\n<p><b>Sa\u00fade:<\/b><\/p>\n<p>O atendimento nas unidades de atendimento prim\u00e1rio e secund\u00e1rio, como UBS e PAM Marechal, retomam os atendimentos nesta ter\u00e7a-feira, das 8h \u00e0s 14h.<\/p>\n<p>Os servi\u00e7os de urg\u00eancia e emerg\u00eancia est\u00e3o mantidos, com equipes de sa\u00fade completas, sem falha na distribui\u00e7\u00e3o de oxig\u00eanio hospitalar e no estoque priorit\u00e1rio de medicamentos, apesar das dificuldades de distribui\u00e7\u00e3o. As unidades de urg\u00eancia e emerg\u00eancia como Hospital de Pronto Socorro (HPS), Unidades de Pronto Atendimento (UPAS) Norte, Sul e Oeste, Regional Leste e Pronto Atendimento Infantil (PAI) funcionam normalmente 24 horas.<\/p>\n<p><b>Transporte coletivo<\/b><\/p>\n<p>Ainda nesta ter\u00e7a-feira, 29, ser\u00e1 mantida a opera\u00e7\u00e3o reduzida dos \u00f4nibus, com os ve\u00edculos transitando nos hor\u00e1rios do quadro de domingo, com eventual redu\u00e7\u00e3o nos per\u00edodos entre picos.<\/p>\n<p><b>Escolas municipais<\/b><\/p>\n<p>As unidades seguem com as aulas suspensas nesta ter\u00e7a-feira, 29, quando a situa\u00e7\u00e3o ser\u00e1 novamente avaliada para os pr\u00f3ximos dias.<\/p>\n<p><b>Coleta de lixo<\/b><\/p>\n<p>Os servi\u00e7os de coleta de lixo domiciliar seguem normalmente nesta ter\u00e7a-feira.<\/p>\n<p><b>Restaurante Popular<\/b><\/p>\n<p>As unidades centro e zona norte tamb\u00e9m mant\u00eam o funcionamento normal.<\/p>\n<p>&nbsp;<\/p>\n<p>Fonte: Assessoria<\/p>\n<p>&nbsp;<\/p>\n","protected":false},"excerpt":{"rendered":"<p>&nbsp; A Prefeitura de Juiz de Fora (PJF) decretou situa\u00e7\u00e3o de emerg\u00eancia no Munic\u00edpio. O decreto foi apresentado pelo prefeito Ant\u00f4nio Almas \u00e0 imprensa durante entrevista coletiva na manh\u00e3 dessa segunda-feira, 28, ap\u00f3s nova reuni\u00e3o do comit\u00ea de gerenciamento de crise. O documento ser\u00e1 publicado em edi\u00e7\u00e3o extraordin\u00e1ria do Atos do Governo e leva em [&hellip;]<\/p>\n","protected":false},"author":96,"featured_media":105953,"comment_status":"closed","ping_status":"closed","sticky":false,"template":"","format":"standard","meta":{"footnotes":""},"categories":[253,436,440,439],"tags":[],"class_list":["post-105950","post","type-post","status-publish","format-standard","has-post-thumbnail","hentry","category-cidade","category-destaque-da-semana","category-destaques-do-dia","category-ultima-hora"],"_links":{"self":[{"href":"https:\/\/diarioregionaldigital.com.br\/index.php?rest_route=\/wp\/v2\/posts\/105950","targetHints":{"allow":["GET"]}}],"collection":[{"href":"https:\/\/diarioregionaldigital.com.br\/index.php?rest_route=\/wp\/v2\/posts"}],"about":[{"href":"https:\/\/diarioregionaldigital.com.br\/index.php?rest_route=\/wp\/v2\/types\/post"}],"author":[{"embeddable":true,"href":"https:\/\/diarioregionaldigital.com.br\/index.php?rest_route=\/wp\/v2\/users\/96"}],"replies":[{"embeddable":true,"href":"https:\/\/diarioregionaldigital.com.br\/index.php?rest_route=%2Fwp%2Fv2%2Fcomments&post=105950"}],"version-history":[{"count":0,"href":"https:\/\/diarioregionaldigital.com.br\/index.php?rest_route=\/wp\/v2\/posts\/105950\/revisions"}],"wp:featuredmedia":[{"embeddable":true,"href":"https:\/\/diarioregionaldigital.com.br\/index.php?rest_route=\/wp\/v2\/media\/105953"}],"wp:attachment":[{"href":"https:\/\/diarioregionaldigital.com.br\/index.php?rest_route=%2Fwp%2Fv2%2Fmedia&parent=105950"}],"wp:term":[{"taxonomy":"category","embeddable":true,"href":"https:\/\/diarioregionaldigital.com.br\/index.php?rest_route=%2Fwp%2Fv2%2Fcategories&post=105950"},{"taxonomy":"post_tag","embeddable":true,"href":"https:\/\/diarioregionaldigital.com.br\/index.php?rest_route=%2Fwp%2Fv2%2Ftags&post=105950"}],"curies":[{"name":"wp","href":"https:\/\/api.w.org\/{rel}","templated":true}]}}