{"id":105947,"date":"2018-05-28T12:24:57","date_gmt":"2018-05-28T15:24:57","guid":{"rendered":"http:\/\/diarioregionaljf.com.br\/?p=105947"},"modified":"2018-05-28T12:24:57","modified_gmt":"2018-05-28T15:24:57","slug":"eunicio-convoca-senadores-para-sessao-deliberativa-nesta-segunda","status":"publish","type":"post","link":"https:\/\/diarioregionaldigital.com.br\/?p=105947","title":{"rendered":"Eun\u00edcio convoca senadores para sess\u00e3o deliberativa nesta segunda"},"content":{"rendered":"<p>O presidente do Senado, Eun\u00edcio Oliveira, convocou para esta segunda-feira, 28, \u00e0s 16h, sess\u00e3o deliberativa extraordin\u00e1ria para votar as seis medidas provis\u00f3rias que trancam a pauta e requerimento de urg\u00eancia para vota\u00e7\u00e3o do projeto que regula os pre\u00e7os de fretes rodovi\u00e1rios (PLC 121\/2017).<\/p>\n<p>Votar a regula\u00e7\u00e3o dos pre\u00e7os m\u00ednimos do frete ser\u00e1 uma das contribui\u00e7\u00f5es do Senado para p\u00f4r fim \u00e0 greve dos caminhoneiros. A aprova\u00e7\u00e3o do projeto que trata de fretes \u00e9 uma das reivindica\u00e7\u00f5es do movimento de caminhoneiros e foi inclu\u00edda no acordo firmado na quinta-feira com o governo federal, com a participa\u00e7\u00e3o de Eun\u00edcio.<\/p>\n<p>A iniciativa, do deputado federal Assis Couto (PT-PR), est\u00e1 na Comiss\u00e3o de Assuntos Econ\u00f4micos (CAE), mas pode ir direto ao Plen\u00e1rio em regime de urg\u00eancia. O relator \u00e9 o senador Romero Juc\u00e1 (PMDB-RR).<\/p>\n<p>O projeto cria a Pol\u00edtica de Pre\u00e7os M\u00ednimos do Transporte Rodovi\u00e1rio de Cargas, mediante tabela elaborada semestralmente por \u00f3rg\u00e3o competente, com valores por quil\u00f4metro rodado por eixo carregado e conforme a carga. Os par\u00e2metros devem ser fixados sempre nos meses de janeiro e julho de cada ano.<\/p>\n<p>Os pre\u00e7os m\u00ednimos ser\u00e3o definidos levando-se em conta a oscila\u00e7\u00e3o e a import\u00e2ncia do valor do \u00f3leo diesel e dos ped\u00e1gios na composi\u00e7\u00e3o dos custos do frete.<\/p>\n<p>At\u00e9 que\u00a0 o \u00f3rg\u00e3o competente do Poder Executivo edite a tabela com os valores m\u00ednimos, o projeto estipula o valor de R$ 0,70\u00a0por quil\u00f4metro rodado para cada eixo carregado de\u00a0carga geral e R$ 0,90 para carga perigosa ou refrigerada.<\/p>\n<p>Ainda conforme o texto original da proposi\u00e7\u00e3o, o processo de defini\u00e7\u00e3o dos pre\u00e7os deve contar com a participa\u00e7\u00e3o dos sindicatos de empresas de transportes e de transportadores aut\u00f4nomos de cargas, bem como dos representantes das cooperativas de transporte de cargas.<\/p>\n<p>Fonte: Ag\u00eancia Senado<\/p>\n","protected":false},"excerpt":{"rendered":"<p>O presidente do Senado, Eun\u00edcio Oliveira, convocou para esta segunda-feira, 28, \u00e0s 16h, sess\u00e3o deliberativa extraordin\u00e1ria para votar as seis medidas provis\u00f3rias que trancam a pauta e requerimento de urg\u00eancia para vota\u00e7\u00e3o do projeto que regula os pre\u00e7os de fretes rodovi\u00e1rios (PLC 121\/2017). Votar a regula\u00e7\u00e3o dos pre\u00e7os m\u00ednimos do frete ser\u00e1 uma das contribui\u00e7\u00f5es [&hellip;]<\/p>\n","protected":false},"author":96,"featured_media":105948,"comment_status":"closed","ping_status":"closed","sticky":false,"template":"","format":"standard","meta":{"footnotes":""},"categories":[254,439],"tags":[],"class_list":["post-105947","post","type-post","status-publish","format-standard","has-post-thumbnail","hentry","category-politica","category-ultima-hora"],"_links":{"self":[{"href":"https:\/\/diarioregionaldigital.com.br\/index.php?rest_route=\/wp\/v2\/posts\/105947","targetHints":{"allow":["GET"]}}],"collection":[{"href":"https:\/\/diarioregionaldigital.com.br\/index.php?rest_route=\/wp\/v2\/posts"}],"about":[{"href":"https:\/\/diarioregionaldigital.com.br\/index.php?rest_route=\/wp\/v2\/types\/post"}],"author":[{"embeddable":true,"href":"https:\/\/diarioregionaldigital.com.br\/index.php?rest_route=\/wp\/v2\/users\/96"}],"replies":[{"embeddable":true,"href":"https:\/\/diarioregionaldigital.com.br\/index.php?rest_route=%2Fwp%2Fv2%2Fcomments&post=105947"}],"version-history":[{"count":0,"href":"https:\/\/diarioregionaldigital.com.br\/index.php?rest_route=\/wp\/v2\/posts\/105947\/revisions"}],"wp:featuredmedia":[{"embeddable":true,"href":"https:\/\/diarioregionaldigital.com.br\/index.php?rest_route=\/wp\/v2\/media\/105948"}],"wp:attachment":[{"href":"https:\/\/diarioregionaldigital.com.br\/index.php?rest_route=%2Fwp%2Fv2%2Fmedia&parent=105947"}],"wp:term":[{"taxonomy":"category","embeddable":true,"href":"https:\/\/diarioregionaldigital.com.br\/index.php?rest_route=%2Fwp%2Fv2%2Fcategories&post=105947"},{"taxonomy":"post_tag","embeddable":true,"href":"https:\/\/diarioregionaldigital.com.br\/index.php?rest_route=%2Fwp%2Fv2%2Ftags&post=105947"}],"curies":[{"name":"wp","href":"https:\/\/api.w.org\/{rel}","templated":true}]}}