{"id":105944,"date":"2018-05-28T11:43:12","date_gmt":"2018-05-28T14:43:12","guid":{"rendered":"http:\/\/diarioregionaljf.com.br\/?p=105944"},"modified":"2018-05-28T11:43:12","modified_gmt":"2018-05-28T14:43:12","slug":"ministro-diz-que-em-breve-reducao-de-preco-do-diesel-chegara-a-bomba","status":"publish","type":"post","link":"https:\/\/diarioregionaldigital.com.br\/?p=105944","title":{"rendered":"Ministro diz que em breve redu\u00e7\u00e3o de pre\u00e7o do diesel chegar\u00e1 \u00e0 bomba"},"content":{"rendered":"<p>Em entrevista coletiva concedida na manh\u00e3 desta segunda-feira, 28,\u00a0 o ministro da Fazenda, Eduardo Guardia, disse que desde o domingo da semana anterior (20) o governo trabalha &#8220;full time&#8221; (em tempo integral) em busca de um acordo. A expectativa \u00e9 de que a normalidade seja retomada. Guardia disse que em breve a redu\u00e7\u00e3o de pre\u00e7os chegar\u00e1 \u00e0 bomba.<\/p>\n<p>Segundo ele, assim que a reonera\u00e7\u00e3o for aprovada, mais medidas ser\u00e3o definidas. Ele n\u00e3o adiantou essas a\u00e7\u00f5es.<\/p>\n<p>O ministro\u00a0lembrou que antes do an\u00fancio de ontem, da redu\u00e7\u00e3o de R$ 0,46 no pre\u00e7o do litro do diesel, o governo havia definido a redu\u00e7\u00e3o de R$ 0,23. No diesel, h\u00e1 R$ 0, 46 de tributos federais: na Cide, R$ 0,05 por litro e mo PIS\/Cofins, de R$ 0,45.<\/p>\n<p>Guardia disse que haver\u00e1 subven\u00e7\u00e3o federal dos tributos. Segundo ele, o m\u00e1ximo a que ser\u00e1 poss\u00edvel chegar \u00e9 R$ 0,16, que ser\u00e3o compensados com a reonera\u00e7\u00e3o da folha de pagamentos, que ainda precisa ser aprovada pelo Congresso Nacional.\u00a0O restante, R$ 0,30, vir\u00e1 do Or\u00e7amento da Uni\u00e3o.<\/p>\n<p>Mais cedo, o ministro\u00a0afirmou que o\u00a0custo da redu\u00e7\u00e3o do pre\u00e7o do diesel em R$ 0,46 por litro deve ficar em R$ 9,5 bilh\u00f5es este ano.<\/p>\n<p>Fonte: Ag\u00eancia Brasil<\/p>\n","protected":false},"excerpt":{"rendered":"<p>Em entrevista coletiva concedida na manh\u00e3 desta segunda-feira, 28,\u00a0 o ministro da Fazenda, Eduardo Guardia, disse que desde o domingo da semana anterior (20) o governo trabalha &#8220;full time&#8221; (em tempo integral) em busca de um acordo. A expectativa \u00e9 de que a normalidade seja retomada. Guardia disse que em breve a redu\u00e7\u00e3o de pre\u00e7os [&hellip;]<\/p>\n","protected":false},"author":96,"featured_media":105945,"comment_status":"closed","ping_status":"closed","sticky":false,"template":"","format":"standard","meta":{"footnotes":""},"categories":[436,261,439],"tags":[],"class_list":["post-105944","post","type-post","status-publish","format-standard","has-post-thumbnail","hentry","category-destaque-da-semana","category-economia","category-ultima-hora"],"_links":{"self":[{"href":"https:\/\/diarioregionaldigital.com.br\/index.php?rest_route=\/wp\/v2\/posts\/105944","targetHints":{"allow":["GET"]}}],"collection":[{"href":"https:\/\/diarioregionaldigital.com.br\/index.php?rest_route=\/wp\/v2\/posts"}],"about":[{"href":"https:\/\/diarioregionaldigital.com.br\/index.php?rest_route=\/wp\/v2\/types\/post"}],"author":[{"embeddable":true,"href":"https:\/\/diarioregionaldigital.com.br\/index.php?rest_route=\/wp\/v2\/users\/96"}],"replies":[{"embeddable":true,"href":"https:\/\/diarioregionaldigital.com.br\/index.php?rest_route=%2Fwp%2Fv2%2Fcomments&post=105944"}],"version-history":[{"count":0,"href":"https:\/\/diarioregionaldigital.com.br\/index.php?rest_route=\/wp\/v2\/posts\/105944\/revisions"}],"wp:featuredmedia":[{"embeddable":true,"href":"https:\/\/diarioregionaldigital.com.br\/index.php?rest_route=\/wp\/v2\/media\/105945"}],"wp:attachment":[{"href":"https:\/\/diarioregionaldigital.com.br\/index.php?rest_route=%2Fwp%2Fv2%2Fmedia&parent=105944"}],"wp:term":[{"taxonomy":"category","embeddable":true,"href":"https:\/\/diarioregionaldigital.com.br\/index.php?rest_route=%2Fwp%2Fv2%2Fcategories&post=105944"},{"taxonomy":"post_tag","embeddable":true,"href":"https:\/\/diarioregionaldigital.com.br\/index.php?rest_route=%2Fwp%2Fv2%2Ftags&post=105944"}],"curies":[{"name":"wp","href":"https:\/\/api.w.org\/{rel}","templated":true}]}}