{"id":105929,"date":"2018-05-28T09:53:18","date_gmt":"2018-05-28T12:53:18","guid":{"rendered":"http:\/\/diarioregionaljf.com.br\/?p=105929"},"modified":"2018-05-28T10:04:10","modified_gmt":"2018-05-28T13:04:10","slug":"mesmo-com-novo-acordo-caminhoneiros-seguem-parados-na-regiao","status":"publish","type":"post","link":"https:\/\/diarioregionaldigital.com.br\/?p=105929","title":{"rendered":"Mesmo com novo acordo, caminhoneiros seguem parados na regi\u00e3o"},"content":{"rendered":"<p>Apesar de novo acordo firmado entre o governo e os caminhoneiros nesse domingo, 27, de acordo com informa\u00e7\u00f5es da Pol\u00edcia Rodovi\u00e1ria Federal (PRF), a situa\u00e7\u00e3o nas estradas de Juiz de Fora e regi\u00e3o permanece inalterada. N\u00e3o h\u00e1 nenhuma movimenta\u00e7\u00e3o de caminh\u00f5es no sentido de retornarem ao servi\u00e7o. Entretanto, tamb\u00e9m informaram que n\u00e3o h\u00e1 caminh\u00f5es na pista ou acostamento.<\/p>\n<p>Por meio de nota, lan\u00e7ada nesta segunda-feira, 28, a PRF esclarece que \u201cos caminh\u00f5es que ocupavam a BR-040 na Zona da Mata e Campo das Vertentes foram levados para o Distrito Industrial, na Zona Norte da cidade. O tr\u00e2nsito est\u00e1 tranquilo na rodovia\u201d.<\/p>\n<p>A Prefeitura Municipal de Juiz de Fora tamb\u00e9m esclareceu por meio de nota que \u201cum caminh\u00e3o carregado de Sulfato de Alum\u00ednio que chegava \u00e0 cidade na manh\u00e3 deste domingo, 27, na BR-040, para entrega do produto qu\u00edmico que garante o tratamento de \u00e1gua da Cesama, conseguiu passar tranquilamente pelo bloqueio.\u201d<\/p>\n<p>&nbsp;<\/p>\n<p><span style=\"font-size: 12pt;\"><strong>Veja o que foi negociado entre governo e caminhoneiros:<\/strong><\/span><\/p>\n<p>&#8211; Redu\u00e7\u00e3o do pre\u00e7o diesel em R$ 0,46 nas bombas pelo prazo de 60 dias. Depois desse per\u00edodo,\u00a0o pre\u00e7o do diesel ser\u00e1 ajustado mensalmente<\/p>\n<p>&#8211;\u00a0 Pre\u00e7o do\u00a0diesel ser\u00e1 reduzido em 10% nas refinarias e ficar\u00e1 fixo por 30 dias. Nesse per\u00edodo, o valor refer\u00eancia ser\u00e1 de\u00a0R$ 2,10 nas refinarias. Os custos da\u00a0primeira quinzena com a redu\u00e7\u00e3o, estimados em R$ 350 milh\u00f5es, ser\u00e3o arcados pela Petrobras. As despesas dos\u00a015\u00a0dias restantes ficar\u00e3o com a\u00a0Uni\u00e3o como compensa\u00e7\u00e3o \u00e0\u00a0petrol\u00edfera.\u00a0\u00a0A cada 30 dias, o valor ser\u00e1 reajustado conforme a pol\u00edtica de pre\u00e7os da Petrobras e fixado por mais um m\u00eas.<\/p>\n<p>&#8211; Isen\u00e7\u00e3o da cobran\u00e7a de ped\u00e1gio dos caminh\u00f5es que trafegarem com eixo suspenso. A medida vale para todas as rodovias (federais, estaduais e municipais)<\/p>\n<p>&#8211; A Companhia Nacional de Abastecimento (Conab) vai contratar caminhoneiros aut\u00f4nomos para atender at\u00e9 30% da demanda de frete. O governo editar\u00e1 uma medida provis\u00f3ria no prazo de 15 dias.<\/p>\n<p>&#8211; N\u00e3o haver\u00e1 reonera\u00e7\u00e3o da folha de pagamento do setor de transporte rodovi\u00e1rio de\u00a0cargas<\/p>\n<p>&#8211; Ser\u00e1 estabelecido frete m\u00ednimo rodovi\u00e1rio. Tabela de frete ser\u00e1 reeditada em 1\u00ba de junho e, a partir da\u00ed, ajustada a\u00a0cada tr\u00eas meses pela ANTT<\/p>\n<p>&#8211; Al\u00edquota da Cide\u00a0ser\u00e1 zerada\u00a0em 2018 sobre o diesel<\/p>\n<p>&#8211; Isen\u00e7\u00e3o do ped\u00e1gio para caminh\u00f5es que circulam vazios (eixo suspenso)<\/p>\n<p>&#8211; A\u00e7\u00f5es judiciais contr\u00e1rias ao movimento ser\u00e3o extintas<\/p>\n<p>&#8211; Multas aplicadas aos caminhoneiros em decorr\u00eancia da paralisa\u00e7\u00e3o ser\u00e3o negociadas com \u00f3rg\u00e3os de tr\u00e2nsito<\/p>\n<p>&#8211; Entidades e governo\u00a0ter\u00e3o reuni\u00f5es peri\u00f3dicas a cada 15 dias<\/p>\n<p>&#8211; Petrobras ir\u00e1 incentivar que empresas contratadas para transporte d\u00eaem oportunidade aos\u00a0caminhoneiros aut\u00f4nomos, como terceirizados, nas opera\u00e7\u00f5es de transporte de cargo<\/p>\n<p>&#8211; Solicitar \u00e0 Petrobras que seja observada resolu\u00e7\u00e3o da ANTT 420, de 2004, sobre renova\u00e7\u00e3o da frota nas contrata\u00e7\u00f5es de transporte rodovi\u00e1rio de carga<\/p>\n<p>*Com informa\u00e7\u00f5es da Ag\u00eancia Brasil<\/p>\n","protected":false},"excerpt":{"rendered":"<p>Apesar de novo acordo firmado entre o governo e os caminhoneiros nesse domingo, 27, de acordo com informa\u00e7\u00f5es da Pol\u00edcia Rodovi\u00e1ria Federal (PRF), a situa\u00e7\u00e3o nas estradas de Juiz de Fora e regi\u00e3o permanece inalterada. N\u00e3o h\u00e1 nenhuma movimenta\u00e7\u00e3o de caminh\u00f5es no sentido de retornarem ao servi\u00e7o. Entretanto, tamb\u00e9m informaram que n\u00e3o h\u00e1 caminh\u00f5es na [&hellip;]<\/p>\n","protected":false},"author":96,"featured_media":105930,"comment_status":"closed","ping_status":"closed","sticky":false,"template":"","format":"standard","meta":{"footnotes":""},"categories":[253,440,439],"tags":[],"class_list":["post-105929","post","type-post","status-publish","format-standard","has-post-thumbnail","hentry","category-cidade","category-destaques-do-dia","category-ultima-hora"],"_links":{"self":[{"href":"https:\/\/diarioregionaldigital.com.br\/index.php?rest_route=\/wp\/v2\/posts\/105929","targetHints":{"allow":["GET"]}}],"collection":[{"href":"https:\/\/diarioregionaldigital.com.br\/index.php?rest_route=\/wp\/v2\/posts"}],"about":[{"href":"https:\/\/diarioregionaldigital.com.br\/index.php?rest_route=\/wp\/v2\/types\/post"}],"author":[{"embeddable":true,"href":"https:\/\/diarioregionaldigital.com.br\/index.php?rest_route=\/wp\/v2\/users\/96"}],"replies":[{"embeddable":true,"href":"https:\/\/diarioregionaldigital.com.br\/index.php?rest_route=%2Fwp%2Fv2%2Fcomments&post=105929"}],"version-history":[{"count":0,"href":"https:\/\/diarioregionaldigital.com.br\/index.php?rest_route=\/wp\/v2\/posts\/105929\/revisions"}],"wp:featuredmedia":[{"embeddable":true,"href":"https:\/\/diarioregionaldigital.com.br\/index.php?rest_route=\/wp\/v2\/media\/105930"}],"wp:attachment":[{"href":"https:\/\/diarioregionaldigital.com.br\/index.php?rest_route=%2Fwp%2Fv2%2Fmedia&parent=105929"}],"wp:term":[{"taxonomy":"category","embeddable":true,"href":"https:\/\/diarioregionaldigital.com.br\/index.php?rest_route=%2Fwp%2Fv2%2Fcategories&post=105929"},{"taxonomy":"post_tag","embeddable":true,"href":"https:\/\/diarioregionaldigital.com.br\/index.php?rest_route=%2Fwp%2Fv2%2Ftags&post=105929"}],"curies":[{"name":"wp","href":"https:\/\/api.w.org\/{rel}","templated":true}]}}