{"id":105928,"date":"2018-05-28T09:56:42","date_gmt":"2018-05-28T12:56:42","guid":{"rendered":"http:\/\/diarioregionaljf.com.br\/?p=105928"},"modified":"2018-05-28T10:04:14","modified_gmt":"2018-05-28T13:04:14","slug":"mercado-reduz-projecao-de-crescimento-da-economia","status":"publish","type":"post","link":"https:\/\/diarioregionaldigital.com.br\/?p=105928","title":{"rendered":"Mercado reduz proje\u00e7\u00e3o de crescimento da economia"},"content":{"rendered":"<p>Com a crise de abastecimento causada pelos protestos dos caminhoneiros, o mercado financeiro reduziu a proje\u00e7\u00e3o para o crescimento da economia e aumentou a estimativa de infla\u00e7\u00e3o.<\/p>\n<p>De acordo com o Boletim Focus, publica\u00e7\u00e3o na internet divulgada todas as semanas pelo Banco Central (BC), a proje\u00e7\u00e3o para a expans\u00e3o do Produto Interno Bruto (PIB) &#8211; soma de todos os bens e servi\u00e7os produzidos no pa\u00eds &#8211; passou de 2,50% para 2,37%. Essa foi a quarta redu\u00e7\u00e3o consecutiva. Para 2019, a previs\u00e3o permanece em 3%.<\/p>\n<p>Al\u00e9m disso, a estimativa para o \u00cdndice Nacional de Pre\u00e7os ao Consumidor Amplo (IPCA) subiu de 3,50% para 3,60%, neste ano. Para 2019, a proje\u00e7\u00e3o foi ajustada de 4,01% para 4%.<\/p>\n<p>Mesmo assim, a expectativa para a infla\u00e7\u00e3o permanece abaixo da meta, que \u00e9 4,5% neste ano, com limite inferior de 3% e superior de 6%. Para 2019, a meta \u00e9 4,25%, com intervalo de toler\u00e2ncia entre 2,75% e 5,75%.<\/p>\n<p>&nbsp;<\/p>\n<p><strong><span style=\"font-size: 12pt;\">TAXA B\u00c1SICA DE JUROS<\/span><\/strong><\/p>\n<p>Para alcan\u00e7ar a meta, o BC usa como principal instrumento a taxa b\u00e1sica de juros, a Selic, atualmente em 6,50% ao ano. Quando o Comit\u00ea de Pol\u00edtica Monet\u00e1ria (Copom) do BC aumenta a Selic, o objetivo \u00e9 conter a demanda aquecida, e isso causa reflexos nos pre\u00e7os, porque os juros mais altos encarecem o cr\u00e9dito e estimulam a poupan\u00e7a.<\/p>\n<p>Quando o Copom diminui os juros b\u00e1sicos, a tend\u00eancia \u00e9 que o cr\u00e9dito fique mais barato, com incentivo \u00e0 produ\u00e7\u00e3o e ao consumo, reduzindo o controle da infla\u00e7\u00e3o. Para cortar a Selic, o BC precisa estar seguro de que os pre\u00e7os est\u00e3o sob controle e n\u00e3o correm risco de subir.<\/p>\n<p>Para o mercado, a Selic deve permanecer em 6,50% ao ano at\u00e9 o fim de 2018 e subir ao longo de 2019, encerrando o per\u00edodo em 8% ao ano.<\/p>\n<p>&nbsp;<\/p>\n<p><strong><span style=\"font-size: 12pt;\">D\u00d3LAR<\/span><\/strong><\/p>\n<p>A previs\u00e3o para a cota\u00e7\u00e3o do d\u00f3lar ao final do ano subiu de R$3,43 para R$3,48. Para o fim de 2019, passou de R$3,45 para R$3,47.<\/p>\n<p>A proje\u00e7\u00e3o para o super\u00e1vit comercial subiu de US$56,1 bilh\u00f5es para US$57,15 bilh\u00f5es, neste ano, e de US$47,63 bilh\u00f5es para US$49,80 em 2019.<\/p>\n<p>&nbsp;<\/p>\n<p>Fonte: Ag\u00eancia Brasil<\/p>\n","protected":false},"excerpt":{"rendered":"<p>Com a crise de abastecimento causada pelos protestos dos caminhoneiros, o mercado financeiro reduziu a proje\u00e7\u00e3o para o crescimento da economia e aumentou a estimativa de infla\u00e7\u00e3o. De acordo com o Boletim Focus, publica\u00e7\u00e3o na internet divulgada todas as semanas pelo Banco Central (BC), a proje\u00e7\u00e3o para a expans\u00e3o do Produto Interno Bruto (PIB) &#8211; [&hellip;]<\/p>\n","protected":false},"author":96,"featured_media":105933,"comment_status":"closed","ping_status":"closed","sticky":false,"template":"","format":"standard","meta":{"footnotes":""},"categories":[436,261],"tags":[],"class_list":["post-105928","post","type-post","status-publish","format-standard","has-post-thumbnail","hentry","category-destaque-da-semana","category-economia"],"_links":{"self":[{"href":"https:\/\/diarioregionaldigital.com.br\/index.php?rest_route=\/wp\/v2\/posts\/105928","targetHints":{"allow":["GET"]}}],"collection":[{"href":"https:\/\/diarioregionaldigital.com.br\/index.php?rest_route=\/wp\/v2\/posts"}],"about":[{"href":"https:\/\/diarioregionaldigital.com.br\/index.php?rest_route=\/wp\/v2\/types\/post"}],"author":[{"embeddable":true,"href":"https:\/\/diarioregionaldigital.com.br\/index.php?rest_route=\/wp\/v2\/users\/96"}],"replies":[{"embeddable":true,"href":"https:\/\/diarioregionaldigital.com.br\/index.php?rest_route=%2Fwp%2Fv2%2Fcomments&post=105928"}],"version-history":[{"count":0,"href":"https:\/\/diarioregionaldigital.com.br\/index.php?rest_route=\/wp\/v2\/posts\/105928\/revisions"}],"wp:featuredmedia":[{"embeddable":true,"href":"https:\/\/diarioregionaldigital.com.br\/index.php?rest_route=\/wp\/v2\/media\/105933"}],"wp:attachment":[{"href":"https:\/\/diarioregionaldigital.com.br\/index.php?rest_route=%2Fwp%2Fv2%2Fmedia&parent=105928"}],"wp:term":[{"taxonomy":"category","embeddable":true,"href":"https:\/\/diarioregionaldigital.com.br\/index.php?rest_route=%2Fwp%2Fv2%2Fcategories&post=105928"},{"taxonomy":"post_tag","embeddable":true,"href":"https:\/\/diarioregionaldigital.com.br\/index.php?rest_route=%2Fwp%2Fv2%2Ftags&post=105928"}],"curies":[{"name":"wp","href":"https:\/\/api.w.org\/{rel}","templated":true}]}}