{"id":105919,"date":"2018-05-28T09:13:19","date_gmt":"2018-05-28T12:13:19","guid":{"rendered":"http:\/\/diarioregionaljf.com.br\/?p=105919"},"modified":"2018-05-28T09:13:39","modified_gmt":"2018-05-28T12:13:39","slug":"abcam-confirma-acordo-com-governo-e-pede-fim-da-paralisacao","status":"publish","type":"post","link":"https:\/\/diarioregionaldigital.com.br\/?p=105919","title":{"rendered":"Abcam confirma acordo com governo e pede fim da paralisa\u00e7\u00e3o"},"content":{"rendered":"<p>A Associa\u00e7\u00e3o Brasileira dos Caminhoneiros (Abcam) confirmou hoje, 28, a assinatura do acordo para p\u00f4r fim \u00e0 paralisa\u00e7\u00e3o dos caminhoneiros aut\u00f4nomos. O governo federal decidiu congelar por 60 dias a redu\u00e7\u00e3o do pre\u00e7o do diesel na bomba em R$0,46 por litro, valor referente ao que seria a retirada do PIS\/Cofins e da Cide sobre esse combust\u00edvel. Depois desse per\u00edodo, o pre\u00e7o do diesel ser\u00e1 ajustado mensalmente. Al\u00e9m disso, a al\u00edquota da Cide sobre o diesel ser\u00e1 zerada at\u00e9 o final do ano.<\/p>\n<p>\u201cA Abcam considera o acordo assinado uma vit\u00f3ria, j\u00e1 que o anterior previa uma redu\u00e7\u00e3o de apenas 10% por apenas 30 dias. Entretanto, a associa\u00e7\u00e3o acredita que at\u00e9 dezembro deste ano o governo encontre solu\u00e7\u00f5es para que essa redu\u00e7\u00e3o seja permanente\u201d, informou a associa\u00e7\u00e3o, em nota.<\/p>\n<p>Ministros que integram o gabinete de crise e representantes da \u00e1rea econ\u00f4mica do governo passaram o dia reunidos, ontem, 27, no Pal\u00e1cio do Planalto, para calcular os impactos do acordo, assinado \u00e0 noite por lideran\u00e7as dos caminhoneiros aut\u00f4nomos.<\/p>\n<p>\u201cSendo assim, j\u00e1 que o objetivo foi alcan\u00e7ado, a Abcam pede a todos os caminhoneiros que voltem ao trabalho\u201d, diz a nota da entidade.<\/p>\n<p>Em mensagem, o presidente da Abcam, Jos\u00e9 da Fonseca Lopes, pediu que os caminhoneiros voltem satisfeitos e orgulhosos. \u201cConseguimos parar este pa\u00eds e sermos reconhecidos pela sociedade brasileira e pelo governo. Nossa manifesta\u00e7\u00e3o foi \u00fanica, como nunca ocorreu na hist\u00f3ria. Seremos lembrados como aqueles que n\u00e3o cederam diante das negativas do governo e da press\u00e3o dos empres\u00e1rios do setor. Teremos o reconhecimento da nossa profiss\u00e3o, de que nosso trabalho \u00e9 primordial para o desenvolvimento deste pa\u00eds. Voltem com a sensa\u00e7\u00e3o de miss\u00e3o cumprida, mas lembrando que a luta n\u00e3o termina aqui\u201d, disse.<\/p>\n<p>&nbsp;<\/p>\n<p>Fonte: Ag\u00eancia Brasil<\/p>\n","protected":false},"excerpt":{"rendered":"<p>A Associa\u00e7\u00e3o Brasileira dos Caminhoneiros (Abcam) confirmou hoje, 28, a assinatura do acordo para p\u00f4r fim \u00e0 paralisa\u00e7\u00e3o dos caminhoneiros aut\u00f4nomos. O governo federal decidiu congelar por 60 dias a redu\u00e7\u00e3o do pre\u00e7o do diesel na bomba em R$0,46 por litro, valor referente ao que seria a retirada do PIS\/Cofins e da Cide sobre esse [&hellip;]<\/p>\n","protected":false},"author":96,"featured_media":105924,"comment_status":"closed","ping_status":"closed","sticky":false,"template":"","format":"standard","meta":{"footnotes":""},"categories":[440,261],"tags":[],"class_list":["post-105919","post","type-post","status-publish","format-standard","has-post-thumbnail","hentry","category-destaques-do-dia","category-economia"],"_links":{"self":[{"href":"https:\/\/diarioregionaldigital.com.br\/index.php?rest_route=\/wp\/v2\/posts\/105919","targetHints":{"allow":["GET"]}}],"collection":[{"href":"https:\/\/diarioregionaldigital.com.br\/index.php?rest_route=\/wp\/v2\/posts"}],"about":[{"href":"https:\/\/diarioregionaldigital.com.br\/index.php?rest_route=\/wp\/v2\/types\/post"}],"author":[{"embeddable":true,"href":"https:\/\/diarioregionaldigital.com.br\/index.php?rest_route=\/wp\/v2\/users\/96"}],"replies":[{"embeddable":true,"href":"https:\/\/diarioregionaldigital.com.br\/index.php?rest_route=%2Fwp%2Fv2%2Fcomments&post=105919"}],"version-history":[{"count":0,"href":"https:\/\/diarioregionaldigital.com.br\/index.php?rest_route=\/wp\/v2\/posts\/105919\/revisions"}],"wp:featuredmedia":[{"embeddable":true,"href":"https:\/\/diarioregionaldigital.com.br\/index.php?rest_route=\/wp\/v2\/media\/105924"}],"wp:attachment":[{"href":"https:\/\/diarioregionaldigital.com.br\/index.php?rest_route=%2Fwp%2Fv2%2Fmedia&parent=105919"}],"wp:term":[{"taxonomy":"category","embeddable":true,"href":"https:\/\/diarioregionaldigital.com.br\/index.php?rest_route=%2Fwp%2Fv2%2Fcategories&post=105919"},{"taxonomy":"post_tag","embeddable":true,"href":"https:\/\/diarioregionaldigital.com.br\/index.php?rest_route=%2Fwp%2Fv2%2Ftags&post=105919"}],"curies":[{"name":"wp","href":"https:\/\/api.w.org\/{rel}","templated":true}]}}