{"id":105915,"date":"2018-05-28T08:54:26","date_gmt":"2018-05-28T11:54:26","guid":{"rendered":"http:\/\/diarioregionaljf.com.br\/?p=105915"},"modified":"2018-05-28T08:54:49","modified_gmt":"2018-05-28T11:54:49","slug":"policia-militar-apreende-drogas-e-arma-no-grama","status":"publish","type":"post","link":"https:\/\/diarioregionaldigital.com.br\/?p=105915","title":{"rendered":"Pol\u00edcia Militar apreende drogas e arma no Grama"},"content":{"rendered":"<p>A Pol\u00edcia Militar (PM) apreendeu drogas, um rev\u00f3lver e muni\u00e7\u00f5es em uma resid\u00eancia na Rua S\u00e3o Paulo, bairro Grama, zona Nordeste da cidade, no final da noite desse domingo, 27. Um rapaz de 25 anos foi preso pela posse do material.<\/p>\n<p>De acordo com informa\u00e7\u00f5es da PM, os militares chegaram at\u00e9 o autor ap\u00f3s receberem informa\u00e7\u00f5es de que o mesmo estaria em uma pra\u00e7a do bairro e portava uma arma de fogo. O rapaz foi localizado e submetido a busca pessoal, mas nenhum objeto il\u00edcito foi encontrado com ele.<\/p>\n<p>Os policiais, ent\u00e3o, informaram ao suspeito sobre as den\u00fancias recebidas e solicitaram autoriza\u00e7\u00e3o para verificar sua resid\u00eancia. No im\u00f3vel, foram encontrados, na gaveta de um guarda-roupa, um rev\u00f3lver calibre .32 com cinco muni\u00e7\u00f5es intactas e uma muni\u00e7\u00e3o percutida e n\u00e3o deflagrada. Em outra gaveta foram localizadas 148 pedras de crack, uma por\u00e7\u00e3o de maconha com cerca de 1\/2 quilo, nove papelotes de coca\u00edna, a quantia de R$350 e uma balan\u00e7a de precis\u00e3o.<\/p>\n<p>O autor confirmou a propriedade de todo o material apreendido, afirmando que passou a comercializar drogas por estar passando dificuldades financeiras. Ele foi preso em flagrante por tr\u00e1fico de drogas e posse irregular de arma de fogo, sendo conduzido a delegacia para as demais provid\u00eancias.<\/p>\n","protected":false},"excerpt":{"rendered":"<p>A Pol\u00edcia Militar (PM) apreendeu drogas, um rev\u00f3lver e muni\u00e7\u00f5es em uma resid\u00eancia na Rua S\u00e3o Paulo, bairro Grama, zona Nordeste da cidade, no final da noite desse domingo, 27. Um rapaz de 25 anos foi preso pela posse do material. De acordo com informa\u00e7\u00f5es da PM, os militares chegaram at\u00e9 o autor ap\u00f3s receberem [&hellip;]<\/p>\n","protected":false},"author":96,"featured_media":105916,"comment_status":"closed","ping_status":"closed","sticky":false,"template":"","format":"standard","meta":{"footnotes":""},"categories":[301,439],"tags":[],"class_list":["post-105915","post","type-post","status-publish","format-standard","has-post-thumbnail","hentry","category-artigos-policiais","category-ultima-hora"],"_links":{"self":[{"href":"https:\/\/diarioregionaldigital.com.br\/index.php?rest_route=\/wp\/v2\/posts\/105915","targetHints":{"allow":["GET"]}}],"collection":[{"href":"https:\/\/diarioregionaldigital.com.br\/index.php?rest_route=\/wp\/v2\/posts"}],"about":[{"href":"https:\/\/diarioregionaldigital.com.br\/index.php?rest_route=\/wp\/v2\/types\/post"}],"author":[{"embeddable":true,"href":"https:\/\/diarioregionaldigital.com.br\/index.php?rest_route=\/wp\/v2\/users\/96"}],"replies":[{"embeddable":true,"href":"https:\/\/diarioregionaldigital.com.br\/index.php?rest_route=%2Fwp%2Fv2%2Fcomments&post=105915"}],"version-history":[{"count":0,"href":"https:\/\/diarioregionaldigital.com.br\/index.php?rest_route=\/wp\/v2\/posts\/105915\/revisions"}],"wp:featuredmedia":[{"embeddable":true,"href":"https:\/\/diarioregionaldigital.com.br\/index.php?rest_route=\/wp\/v2\/media\/105916"}],"wp:attachment":[{"href":"https:\/\/diarioregionaldigital.com.br\/index.php?rest_route=%2Fwp%2Fv2%2Fmedia&parent=105915"}],"wp:term":[{"taxonomy":"category","embeddable":true,"href":"https:\/\/diarioregionaldigital.com.br\/index.php?rest_route=%2Fwp%2Fv2%2Fcategories&post=105915"},{"taxonomy":"post_tag","embeddable":true,"href":"https:\/\/diarioregionaldigital.com.br\/index.php?rest_route=%2Fwp%2Fv2%2Ftags&post=105915"}],"curies":[{"name":"wp","href":"https:\/\/api.w.org\/{rel}","templated":true}]}}