{"id":105911,"date":"2018-05-28T08:27:29","date_gmt":"2018-05-28T11:27:29","guid":{"rendered":"http:\/\/diarioregionaljf.com.br\/?p=105911"},"modified":"2018-05-28T08:28:44","modified_gmt":"2018-05-28T11:28:44","slug":"sai-edicao-extra-do-diario-oficial-com-mps-dos-caminhoneiros","status":"publish","type":"post","link":"https:\/\/diarioregionaldigital.com.br\/?p=105911","title":{"rendered":"Sai edi\u00e7\u00e3o extra do Di\u00e1rio Oficial com MPs dos caminhoneiros"},"content":{"rendered":"<p>O governo publicou, em edi\u00e7\u00e3o extra do Di\u00e1rio Oficial da Uni\u00e3o, as tr\u00eas medidas provis\u00f3rias (MPs), <a href=\"http:\/\/diarioregionaljf.com.br\/2018\/05\/28\/governo-reduz-preco-do-diesel-em-r046-por-litro-durante-60-dias\/\" target=\"_blank\" rel=\"noopener\">anunciadas pelo presidente Michel Temer e negociadas com os caminhoneiros<\/a>, paralisados desde o \u00faltimo dia 21. As medidas foram publicadas na noite de ontem, 27, e re\u00fanem as MPs 831, 832 e 833.<\/p>\n<p>O ponto alto est\u00e1 na MP 832 que institui a chamada Pol\u00edtica de Pre\u00e7os M\u00ednimos do Transporte Rodovi\u00e1rio de Cargas. \u00c9 a medida que estabelece a tabela m\u00ednima para o frete. N\u00e3o h\u00e1 valores nem percentuais, mas detalhes sobre como os n\u00fameros ser\u00e3o negociados.<\/p>\n<p>A MP 832 destaca que o processo de fixa\u00e7\u00e3o dos pre\u00e7os m\u00ednimos contar\u00e1 com a participa\u00e7\u00e3o dos representantes das cooperativas de transporte de cargas e dos sindicatos de empresas e de transportadores aut\u00f4nomos.\u00a0 Para a fixa\u00e7\u00e3o dos pre\u00e7os m\u00ednimos, diz a medida, ser\u00e3o considerados, prioritariamente, os custos do \u00f3leo diesel e dos ped\u00e1gios.<\/p>\n<p>O texto informa tamb\u00e9m que a decis\u00e3o se estende \u00e0s cargas em geral, a granel, as que necessitam ser refrigeradas, as perigosas e as chamadas neogranel (formadas por conglomerados homog\u00eaneos de mercadorias, de carga geral, sem acondicionamento espec\u00edfico e cujo volume ou quantidade possibilite o transporte em lotes, em um \u00fanico embarque).<\/p>\n<p>A MP 833 \u00e9 a que determina que os ve\u00edculos de transporte de cargas que circularem vazios ficar\u00e3o isentos da cobran\u00e7a de ped\u00e1gio sobre os eixos que mantiverem suspensos. A medida vale para todas as rodovias do pa\u00eds.<\/p>\n<p>A MP 831 define que a Companhia Nacional de Abastecimento (Conab) contratar\u00e1 transporte rodovi\u00e1rio de cargas, com dispensa do procedimento licitat\u00f3rio, para at\u00e9 30% da demanda anual de frete da empresa. A medida interfere principalmente na a\u00e7\u00e3o dos caminhoneiros aut\u00f4nomos.<\/p>\n<p>&nbsp;<\/p>\n<p>Fonte: Ag\u00eancia Brasil<\/p>\n","protected":false},"excerpt":{"rendered":"<p>O governo publicou, em edi\u00e7\u00e3o extra do Di\u00e1rio Oficial da Uni\u00e3o, as tr\u00eas medidas provis\u00f3rias (MPs), anunciadas pelo presidente Michel Temer e negociadas com os caminhoneiros, paralisados desde o \u00faltimo dia 21. As medidas foram publicadas na noite de ontem, 27, e re\u00fanem as MPs 831, 832 e 833. O ponto alto est\u00e1 na MP [&hellip;]<\/p>\n","protected":false},"author":96,"featured_media":105072,"comment_status":"closed","ping_status":"closed","sticky":false,"template":"","format":"standard","meta":{"footnotes":""},"categories":[261,439],"tags":[],"class_list":["post-105911","post","type-post","status-publish","format-standard","has-post-thumbnail","hentry","category-economia","category-ultima-hora"],"_links":{"self":[{"href":"https:\/\/diarioregionaldigital.com.br\/index.php?rest_route=\/wp\/v2\/posts\/105911","targetHints":{"allow":["GET"]}}],"collection":[{"href":"https:\/\/diarioregionaldigital.com.br\/index.php?rest_route=\/wp\/v2\/posts"}],"about":[{"href":"https:\/\/diarioregionaldigital.com.br\/index.php?rest_route=\/wp\/v2\/types\/post"}],"author":[{"embeddable":true,"href":"https:\/\/diarioregionaldigital.com.br\/index.php?rest_route=\/wp\/v2\/users\/96"}],"replies":[{"embeddable":true,"href":"https:\/\/diarioregionaldigital.com.br\/index.php?rest_route=%2Fwp%2Fv2%2Fcomments&post=105911"}],"version-history":[{"count":0,"href":"https:\/\/diarioregionaldigital.com.br\/index.php?rest_route=\/wp\/v2\/posts\/105911\/revisions"}],"wp:featuredmedia":[{"embeddable":true,"href":"https:\/\/diarioregionaldigital.com.br\/index.php?rest_route=\/wp\/v2\/media\/105072"}],"wp:attachment":[{"href":"https:\/\/diarioregionaldigital.com.br\/index.php?rest_route=%2Fwp%2Fv2%2Fmedia&parent=105911"}],"wp:term":[{"taxonomy":"category","embeddable":true,"href":"https:\/\/diarioregionaldigital.com.br\/index.php?rest_route=%2Fwp%2Fv2%2Fcategories&post=105911"},{"taxonomy":"post_tag","embeddable":true,"href":"https:\/\/diarioregionaldigital.com.br\/index.php?rest_route=%2Fwp%2Fv2%2Ftags&post=105911"}],"curies":[{"name":"wp","href":"https:\/\/api.w.org\/{rel}","templated":true}]}}