{"id":105909,"date":"2018-05-28T08:21:27","date_gmt":"2018-05-28T11:21:27","guid":{"rendered":"http:\/\/diarioregionaljf.com.br\/?p=105909"},"modified":"2018-05-28T08:21:48","modified_gmt":"2018-05-28T11:21:48","slug":"governo-estadual-determina-ponto-facultativo-nesta-segunda-feira","status":"publish","type":"post","link":"https:\/\/diarioregionaldigital.com.br\/?p=105909","title":{"rendered":"Governo estadual determina ponto facultativo nesta segunda-feira"},"content":{"rendered":"<p>O governador de Minas Gerais, Fernando Pimentel, prorrogou, para esta segunda-feira, 28, o ponto facultativo nas reparti\u00e7\u00f5es p\u00fablicas, que havia sido <a href=\"http:\/\/www.agenciaminas.mg.gov.br\/noticia\/governador-fernando-pimentel-decreta-ponto-facultativo-no-estado-nesta-sexta-feira-em-funcao-do-desabastecimento-de-combustivel\" target=\"_blank\" rel=\"noopener\">decretado para a \u00faltima sexta-feira, 25<\/a>. A decis\u00e3o foi comunicada em nota publicada no site oficial do Governo de Minas neste domingo, 27, e tomada com fins de minimizar o impacto da falta de combust\u00edvel na oferta de servi\u00e7os essenciais.<\/p>\n<p>Conforme o comunicado, uma nova reuni\u00e3o do Gabinete de Crise foi convocada para as 14h30 desta segunda-feira, quando o cen\u00e1rio voltar\u00e1 a ser discutido.<\/p>\n<p>As aulas na rede estadual de ensino tamb\u00e9m foram suspensas. &#8220;Est\u00e3o mantidos servi\u00e7os essenciais como os m\u00e9dico-hospitalares, os de seguran\u00e7a p\u00fablica e de Unidades de Atendimento Integrado (UAIs). Tamb\u00e9m haver\u00e1 expediente na Funda\u00e7\u00e3o TV Minas Cultural e Educativa e na R\u00e1dio Inconfid\u00eancia&#8221;, complementa o comunicado.<\/p>\n<p>&nbsp;<\/p>\n<p>Da reda\u00e7\u00e3o\/Com informa\u00e7\u00f5es da assessoria<\/p>\n","protected":false},"excerpt":{"rendered":"<p>O governador de Minas Gerais, Fernando Pimentel, prorrogou, para esta segunda-feira, 28, o ponto facultativo nas reparti\u00e7\u00f5es p\u00fablicas, que havia sido decretado para a \u00faltima sexta-feira, 25. A decis\u00e3o foi comunicada em nota publicada no site oficial do Governo de Minas neste domingo, 27, e tomada com fins de minimizar o impacto da falta de [&hellip;]<\/p>\n","protected":false},"author":96,"featured_media":97343,"comment_status":"closed","ping_status":"closed","sticky":false,"template":"","format":"standard","meta":{"footnotes":""},"categories":[254,439],"tags":[],"class_list":["post-105909","post","type-post","status-publish","format-standard","has-post-thumbnail","hentry","category-politica","category-ultima-hora"],"_links":{"self":[{"href":"https:\/\/diarioregionaldigital.com.br\/index.php?rest_route=\/wp\/v2\/posts\/105909","targetHints":{"allow":["GET"]}}],"collection":[{"href":"https:\/\/diarioregionaldigital.com.br\/index.php?rest_route=\/wp\/v2\/posts"}],"about":[{"href":"https:\/\/diarioregionaldigital.com.br\/index.php?rest_route=\/wp\/v2\/types\/post"}],"author":[{"embeddable":true,"href":"https:\/\/diarioregionaldigital.com.br\/index.php?rest_route=\/wp\/v2\/users\/96"}],"replies":[{"embeddable":true,"href":"https:\/\/diarioregionaldigital.com.br\/index.php?rest_route=%2Fwp%2Fv2%2Fcomments&post=105909"}],"version-history":[{"count":0,"href":"https:\/\/diarioregionaldigital.com.br\/index.php?rest_route=\/wp\/v2\/posts\/105909\/revisions"}],"wp:featuredmedia":[{"embeddable":true,"href":"https:\/\/diarioregionaldigital.com.br\/index.php?rest_route=\/wp\/v2\/media\/97343"}],"wp:attachment":[{"href":"https:\/\/diarioregionaldigital.com.br\/index.php?rest_route=%2Fwp%2Fv2%2Fmedia&parent=105909"}],"wp:term":[{"taxonomy":"category","embeddable":true,"href":"https:\/\/diarioregionaldigital.com.br\/index.php?rest_route=%2Fwp%2Fv2%2Fcategories&post=105909"},{"taxonomy":"post_tag","embeddable":true,"href":"https:\/\/diarioregionaldigital.com.br\/index.php?rest_route=%2Fwp%2Fv2%2Ftags&post=105909"}],"curies":[{"name":"wp","href":"https:\/\/api.w.org\/{rel}","templated":true}]}}