{"id":105906,"date":"2018-05-28T08:06:35","date_gmt":"2018-05-28T11:06:35","guid":{"rendered":"http:\/\/diarioregionaljf.com.br\/?p=105906"},"modified":"2018-05-28T08:07:02","modified_gmt":"2018-05-28T11:07:02","slug":"governo-reduz-preco-do-diesel-em-r046-por-litro-durante-60-dias","status":"publish","type":"post","link":"https:\/\/diarioregionaldigital.com.br\/?p=105906","title":{"rendered":"Governo reduz pre\u00e7o do diesel em R$0,46 por litro durante 60 dias"},"content":{"rendered":"<p>O governo federal cedeu e decidiu congelar por 60 dias a redu\u00e7\u00e3o do pre\u00e7o do diesel na bomba em R$0,46 por litro. A proposta foi anunciada na noite deste domingo, 27, pelo presidente Michel Temer, que fez um pronunciamento depois de um dia inteiro de negocia\u00e7\u00f5es no Pal\u00e1cio do Planalto. A t\u00edtulo de compara\u00e7\u00e3o, o presidente disse que esse desconto equivale a zerar as al\u00edquotas da Cide e do PIS\/Cofins. Os representantes dos caminhoneiros aut\u00f4nomos n\u00e3o aceitaram o congelamento do diesel por apenas 30 dias, como havia sido inicialmente proposto.<\/p>\n<p>O governo federal concordou ainda em eliminar a cobran\u00e7a do ped\u00e1gio dos eixos suspensos dos caminh\u00f5es em todo o pa\u00eds, al\u00e9m de estabelecer um valor m\u00ednimo para o frete rodovi\u00e1rio. Essas determina\u00e7\u00f5es dever\u00e3o constar em medidas provis\u00f3rias a serem publicadas em edi\u00e7\u00e3o extra no Di\u00e1rio Oficial da Uni\u00e3o. A expectativa do Pal\u00e1cio do Planalto \u00e9 que a paralisa\u00e7\u00e3o, que j\u00e1 dura sete dias e causa enormes preju\u00edzos e transtornos em todo o pa\u00eds, termine logo.<\/p>\n<p>&#8220;Os efeitos dessa paralisa\u00e7\u00e3o na vida de cada cidad\u00e3o me dispensam de citar a import\u00e2ncia da miss\u00e3o nobre de cada trabalhador no setor de cargas. Durante toda esta semana, o governo sempre esteve aberto ao di\u00e1logo e assinamos acordo logo no in\u00edcio. Confirmo a validade de tudo que foi acertado&#8221;, afirmou o presidente. Temer disse que, nas \u00faltimas 48 horas, o governo avan\u00e7ou na negocia\u00e7\u00e3o dessas novas medidas. &#8220;Assumimos sacrif\u00edcios sem prejudicar a Petrobras.&#8221; Ele destacou disse que o congelamento valer\u00e1 por 60 dias e, a partir da\u00ed, s\u00f3 haver\u00e1 reajustes mensais. &#8220;Cada caminhoneiro poder\u00e1 planejar seus custos. Atendemos todas as reivindica\u00e7\u00f5es&#8221;, ressaltou o presidente.<\/p>\n<p>A equipe econ\u00f4mica foi chamada ao Pal\u00e1cio do Planalto para calcular o impacto das novas vantagens concedidas ao setor. Durante todo o dia, custos, cortes e compensa\u00e7\u00f5es foram avaliados. Al\u00e9m de restri\u00e7\u00f5es or\u00e7ament\u00e1rias, empecilhos legais tiveram de ser examinados. Na primeira rodada de negocia\u00e7\u00f5es com os caminhoneiros, quando se acordou que a Petrobras baixaria em 10% o pre\u00e7o do diesel nas refinarias durante 30 dias, e os caminhoneiros fariam uma tr\u00e9gua de 15 dias na paralisa\u00e7\u00e3o, o Minist\u00e9rio da Fazenda estimou em R$5 bilh\u00f5es o valor das compensa\u00e7\u00f5es do Tesouro Nacional \u00e0 estatal.<\/p>\n<p>Agora, com a validade do congelamento do pre\u00e7o nos postos &#8211; e n\u00e3o na refinaria &#8211; pelo dobro do tempo, as despesas ser\u00e3o proporcionalmente elevadas. Segundo o ministro da Secretaria de Governo, Carlos Marun, as reivindica\u00e7\u00f5es custar\u00e3o R$10 bilh\u00f5es ao Tesouro.<\/p>\n<p>&nbsp;<\/p>\n<p>Fonte: Ag\u00eancia Brasil<\/p>\n","protected":false},"excerpt":{"rendered":"<p>O governo federal cedeu e decidiu congelar por 60 dias a redu\u00e7\u00e3o do pre\u00e7o do diesel na bomba em R$0,46 por litro. A proposta foi anunciada na noite deste domingo, 27, pelo presidente Michel Temer, que fez um pronunciamento depois de um dia inteiro de negocia\u00e7\u00f5es no Pal\u00e1cio do Planalto. A t\u00edtulo de compara\u00e7\u00e3o, o [&hellip;]<\/p>\n","protected":false},"author":96,"featured_media":105907,"comment_status":"closed","ping_status":"closed","sticky":false,"template":"","format":"standard","meta":{"footnotes":""},"categories":[440,254],"tags":[],"class_list":["post-105906","post","type-post","status-publish","format-standard","has-post-thumbnail","hentry","category-destaques-do-dia","category-politica"],"_links":{"self":[{"href":"https:\/\/diarioregionaldigital.com.br\/index.php?rest_route=\/wp\/v2\/posts\/105906","targetHints":{"allow":["GET"]}}],"collection":[{"href":"https:\/\/diarioregionaldigital.com.br\/index.php?rest_route=\/wp\/v2\/posts"}],"about":[{"href":"https:\/\/diarioregionaldigital.com.br\/index.php?rest_route=\/wp\/v2\/types\/post"}],"author":[{"embeddable":true,"href":"https:\/\/diarioregionaldigital.com.br\/index.php?rest_route=\/wp\/v2\/users\/96"}],"replies":[{"embeddable":true,"href":"https:\/\/diarioregionaldigital.com.br\/index.php?rest_route=%2Fwp%2Fv2%2Fcomments&post=105906"}],"version-history":[{"count":0,"href":"https:\/\/diarioregionaldigital.com.br\/index.php?rest_route=\/wp\/v2\/posts\/105906\/revisions"}],"wp:featuredmedia":[{"embeddable":true,"href":"https:\/\/diarioregionaldigital.com.br\/index.php?rest_route=\/wp\/v2\/media\/105907"}],"wp:attachment":[{"href":"https:\/\/diarioregionaldigital.com.br\/index.php?rest_route=%2Fwp%2Fv2%2Fmedia&parent=105906"}],"wp:term":[{"taxonomy":"category","embeddable":true,"href":"https:\/\/diarioregionaldigital.com.br\/index.php?rest_route=%2Fwp%2Fv2%2Fcategories&post=105906"},{"taxonomy":"post_tag","embeddable":true,"href":"https:\/\/diarioregionaldigital.com.br\/index.php?rest_route=%2Fwp%2Fv2%2Ftags&post=105906"}],"curies":[{"name":"wp","href":"https:\/\/api.w.org\/{rel}","templated":true}]}}