{"id":105903,"date":"2018-05-28T07:54:23","date_gmt":"2018-05-28T10:54:23","guid":{"rendered":"http:\/\/diarioregionaljf.com.br\/?p=105903"},"modified":"2018-05-28T07:54:48","modified_gmt":"2018-05-28T10:54:48","slug":"veja-como-ficam-os-servicos-da-pjf-nesta-segunda-feira","status":"publish","type":"post","link":"https:\/\/diarioregionaldigital.com.br\/?p=105903","title":{"rendered":"Veja como ficam os servi\u00e7os da PJF nesta segunda-feira"},"content":{"rendered":"<p>Em nota enviada \u00e0 imprensa, a Prefeitura de Juiz de Fora (PJF) informa que, apesar dos impactos causados pela paralisa\u00e7\u00e3o dos caminhoneiros, os servi\u00e7os essenciais como atendimento m\u00e9dico de urg\u00eancia e emerg\u00eancia est\u00e3o sendo realizados sem intercorr\u00eancias no munic\u00edpio. A coleta de lixo tamb\u00e9m se mant\u00e9m normalizada.<\/p>\n<p>Ainda de acordo com a PJF, o Comit\u00ea de Emerg\u00eancia, criado para acompanhar as consequ\u00eancias da greve, esteve em reuni\u00e3o permanente durante o fim de semana e est\u00e1 monitorando o cen\u00e1rio de atendimentos comprometidos \u00e0 popula\u00e7\u00e3o.<\/p>\n<p>O comunicado tamb\u00e9m esclarece que um caminh\u00e3o carregado de Sulfato de Alum\u00ednio que chegava \u00e0 cidade na manh\u00e3 deste domingo, 27, na BR-040, para entrega do produto qu\u00edmico que garante o tratamento de \u00e1gua da Cesama, conseguiu passar tranquilamente pelo bloqueio. &#8220;A Pol\u00edcia Rodovi\u00e1ria Federal informou que os caminh\u00f5es que ocupavam a BR-040 na Zona da Mata e Campo das Vertentes foram levados para o Distrito Industrial, na Zona Norte da cidade. O tr\u00e2nsito est\u00e1 tranquilo na rodovia&#8221;, complementa a nota.<\/p>\n<p>&nbsp;<\/p>\n<p>Confira como ficam os servi\u00e7os municipais nesta segunda-feira, 28:<\/p>\n<p>&nbsp;<\/p>\n<p><strong>&#8211; Transporte Urbano<\/strong><\/p>\n<p>A restri\u00e7\u00e3o do servi\u00e7o de transporte coletivo funcionar\u00e1 nesta segunda com\u00a0 o mesmo quadro de hor\u00e1rio de domingo, j\u00e1 que houve a queda na demanda em fun\u00e7\u00e3o de paralisa\u00e7\u00e3o das atividades da UFJF, das escolas das redes estadual e municipal, garantindo reserva de combust\u00edvel para operar o servi\u00e7o pelo maior tempo poss\u00edvel.<\/p>\n<p>Equipes da Vigil\u00e2ncia Sanit\u00e1ria e do Procon refor\u00e7ar\u00e3o sua atua\u00e7\u00e3o nesta segunda tamb\u00e9m para combater a pr\u00e1tica de pre\u00e7os abusivos de alguns produtos e insumos, al\u00e9m de garantir a qualidade de acondicionamento dos alimentos.<\/p>\n<p>&nbsp;<\/p>\n<p><strong>&#8211; Coleta de lixo <\/strong><\/p>\n<p>O Demlurb informa que a coleta de lixo domiciliar opera normalmente at\u00e9 esta segunda-feira.<\/p>\n<p>&nbsp;<\/p>\n<p><strong>&#8211; Sa\u00fade<\/strong><\/p>\n<p>Os servi\u00e7os de urg\u00eancia e emerg\u00eancia est\u00e3o mantidos, com equipes de sa\u00fade completas, sem falha na distribui\u00e7\u00e3o de oxig\u00eanio hospitalar e no estoque priorit\u00e1rio de medicamentos, apesar das dificuldades de distribui\u00e7\u00e3o.<\/p>\n<p>O atendimento se mant\u00e9m suspenso nas unidades de atendimento prim\u00e1rio e secund\u00e1rio, como UBS e PAM Marechal. At\u00e9 o final desta segunda-feira, 28, estas unidades se mant\u00eam fechadas, exatamente como ocorre em finais de semanas e feriados.<\/p>\n<p>J\u00e1 as unidades de urg\u00eancia e emerg\u00eancia como Hospital de Pronto Socorro (HPS), Unidades de Pronto Atendimento (UPAS) Norte, Sul e Oeste, Regional Leste e Pronto Atendimento Infantil (PAI) funcionam normalmente 24 horas.<\/p>\n<p>&nbsp;<\/p>\n<p>&#8211; <strong>Educa\u00e7\u00e3o<\/strong><\/p>\n<p>A Secretaria Municipal de Educa\u00e7\u00e3o informa que as escolas da rede municipal\u00a0 est\u00e3o com as aulas suspensas nesta segunda-feira.<\/p>\n<p>&nbsp;<\/p>\n<p><strong>&#8211; Restaurante Popular<\/strong><\/p>\n<p>Funcionamento normal nesta segunda-feira, tanto na unidade centro, quanto na Zona Norte.<\/p>\n<p>&nbsp;<\/p>\n<p>Da reda\u00e7\u00e3o\/Com informa\u00e7\u00f5es da Assessoria<\/p>\n","protected":false},"excerpt":{"rendered":"<p>Em nota enviada \u00e0 imprensa, a Prefeitura de Juiz de Fora (PJF) informa que, apesar dos impactos causados pela paralisa\u00e7\u00e3o dos caminhoneiros, os servi\u00e7os essenciais como atendimento m\u00e9dico de urg\u00eancia e emerg\u00eancia est\u00e3o sendo realizados sem intercorr\u00eancias no munic\u00edpio. A coleta de lixo tamb\u00e9m se mant\u00e9m normalizada. Ainda de acordo com a PJF, o Comit\u00ea [&hellip;]<\/p>\n","protected":false},"author":96,"featured_media":105904,"comment_status":"closed","ping_status":"closed","sticky":false,"template":"","format":"standard","meta":{"footnotes":""},"categories":[253,440],"tags":[],"class_list":["post-105903","post","type-post","status-publish","format-standard","has-post-thumbnail","hentry","category-cidade","category-destaques-do-dia"],"_links":{"self":[{"href":"https:\/\/diarioregionaldigital.com.br\/index.php?rest_route=\/wp\/v2\/posts\/105903","targetHints":{"allow":["GET"]}}],"collection":[{"href":"https:\/\/diarioregionaldigital.com.br\/index.php?rest_route=\/wp\/v2\/posts"}],"about":[{"href":"https:\/\/diarioregionaldigital.com.br\/index.php?rest_route=\/wp\/v2\/types\/post"}],"author":[{"embeddable":true,"href":"https:\/\/diarioregionaldigital.com.br\/index.php?rest_route=\/wp\/v2\/users\/96"}],"replies":[{"embeddable":true,"href":"https:\/\/diarioregionaldigital.com.br\/index.php?rest_route=%2Fwp%2Fv2%2Fcomments&post=105903"}],"version-history":[{"count":0,"href":"https:\/\/diarioregionaldigital.com.br\/index.php?rest_route=\/wp\/v2\/posts\/105903\/revisions"}],"wp:featuredmedia":[{"embeddable":true,"href":"https:\/\/diarioregionaldigital.com.br\/index.php?rest_route=\/wp\/v2\/media\/105904"}],"wp:attachment":[{"href":"https:\/\/diarioregionaldigital.com.br\/index.php?rest_route=%2Fwp%2Fv2%2Fmedia&parent=105903"}],"wp:term":[{"taxonomy":"category","embeddable":true,"href":"https:\/\/diarioregionaldigital.com.br\/index.php?rest_route=%2Fwp%2Fv2%2Fcategories&post=105903"},{"taxonomy":"post_tag","embeddable":true,"href":"https:\/\/diarioregionaldigital.com.br\/index.php?rest_route=%2Fwp%2Fv2%2Ftags&post=105903"}],"curies":[{"name":"wp","href":"https:\/\/api.w.org\/{rel}","templated":true}]}}