{"id":105896,"date":"2018-05-27T21:44:20","date_gmt":"2018-05-28T00:44:20","guid":{"rendered":"http:\/\/diarioregionaljf.com.br\/?p=105896"},"modified":"2018-05-27T21:44:20","modified_gmt":"2018-05-28T00:44:20","slug":"fora-de-casa-flamengo-bate-o-atletico-e-retoma-lideranca-no-brasileirao","status":"publish","type":"post","link":"https:\/\/diarioregionaldigital.com.br\/?p=105896","title":{"rendered":"Fora de casa, Flamengo bate o Atl\u00e9tico e retoma lideran\u00e7a no Brasileir\u00e3o"},"content":{"rendered":"<p>O Flamengo \u00e9 novamente o l\u00edder do Campeonato Brasileiro. Na noite deste s\u00e1bado, 26, pela 7\u00aa rodada da competi\u00e7\u00e3o, o Rubro-Negro bateu o Atl\u00e9tico-MG por 1 a 0, no Independ\u00eancia, em Belo Horizonte (MG), e retomou a ponta da tabela de classifica\u00e7\u00e3o ao chegar aos 14 pontos. O time carioca, no entanto, precisa que o Corinthians-SP tropece na sequ\u00eancia da rodada para manter a posi\u00e7\u00e3o. O Galo, por sua vez, segue com 13 e caiu para o terceiro lugar.<\/p>\n<p>Aos seis minutos de bola rolando, o time da casa quase abriu o placar. Ap\u00f3s boa troca de passes na entrada da \u00e1rea, Gustavo Blanco finalizou e a bola desviou na defesa rubro-negra. Diego Alves, atento, mostrou grande reflexo e evitou o gol. Aos 26, Cazares avan\u00e7ou pela direita, cruzou e Thuler afastou mal. A bola sobrou nos p\u00e9s de Alerrandro, mas o chute saiu travado e acabou indo para fora. No minuto seguinte, R\u00f3ger Guedes recebeu cruzamento na \u00e1rea e cabeceou na trave.<\/p>\n<p>No segundo tempo, o Flamengo voltou melhor, mas era o Atl\u00e9tico quem criava as melhores chances. Diego Alves, em noite inspirada, evitava que o Alvinegro marcasse. Aos 34 minutos, o time da G\u00e1vea aproveitou um contra-ataque e foi com tudo para cima do Galo ap\u00f3s cobran\u00e7a de escanteio. Emerson falhou ao tentar cortar e Vin\u00edcius J\u00fanior aproveitou para ficar com a bola. O jovem do Rubro-Negro arrancou pela esquerda e tocou para \u00c9verton Ribeiro s\u00f3 escorar para o fundo da rede. Os mineiros tiveram grande chance de evitar a derrota, j\u00e1 aos 49, mas a cabe\u00e7ada de Gabriel parou no travess\u00e3o.<\/p>\n<p>O Flamengo volta a campo pelo Campeonato Brasileiro na pr\u00f3xima quinta-feira, 31, diante do Bahia-BA, no Maracan\u00e3. J\u00e1 o Galo atua novamente pela competi\u00e7\u00e3o na quarta, 30, contra o Sport-PE, na Ilha do Retiro.<\/p>\n<p><strong>Fonte: CBF<\/strong><\/p>\n<p><strong>\u00a0<\/strong><\/p>\n","protected":false},"excerpt":{"rendered":"<p>O Flamengo \u00e9 novamente o l\u00edder do Campeonato Brasileiro. Na noite deste s\u00e1bado, 26, pela 7\u00aa rodada da competi\u00e7\u00e3o, o Rubro-Negro bateu o Atl\u00e9tico-MG por 1 a 0, no Independ\u00eancia, em Belo Horizonte (MG), e retomou a ponta da tabela de classifica\u00e7\u00e3o ao chegar aos 14 pontos. O time carioca, no entanto, precisa que o [&hellip;]<\/p>\n","protected":false},"author":96,"featured_media":105897,"comment_status":"closed","ping_status":"closed","sticky":false,"template":"","format":"standard","meta":{"footnotes":""},"categories":[257,439],"tags":[],"class_list":["post-105896","post","type-post","status-publish","format-standard","has-post-thumbnail","hentry","category-esporte","category-ultima-hora"],"_links":{"self":[{"href":"https:\/\/diarioregionaldigital.com.br\/index.php?rest_route=\/wp\/v2\/posts\/105896","targetHints":{"allow":["GET"]}}],"collection":[{"href":"https:\/\/diarioregionaldigital.com.br\/index.php?rest_route=\/wp\/v2\/posts"}],"about":[{"href":"https:\/\/diarioregionaldigital.com.br\/index.php?rest_route=\/wp\/v2\/types\/post"}],"author":[{"embeddable":true,"href":"https:\/\/diarioregionaldigital.com.br\/index.php?rest_route=\/wp\/v2\/users\/96"}],"replies":[{"embeddable":true,"href":"https:\/\/diarioregionaldigital.com.br\/index.php?rest_route=%2Fwp%2Fv2%2Fcomments&post=105896"}],"version-history":[{"count":0,"href":"https:\/\/diarioregionaldigital.com.br\/index.php?rest_route=\/wp\/v2\/posts\/105896\/revisions"}],"wp:featuredmedia":[{"embeddable":true,"href":"https:\/\/diarioregionaldigital.com.br\/index.php?rest_route=\/wp\/v2\/media\/105897"}],"wp:attachment":[{"href":"https:\/\/diarioregionaldigital.com.br\/index.php?rest_route=%2Fwp%2Fv2%2Fmedia&parent=105896"}],"wp:term":[{"taxonomy":"category","embeddable":true,"href":"https:\/\/diarioregionaldigital.com.br\/index.php?rest_route=%2Fwp%2Fv2%2Fcategories&post=105896"},{"taxonomy":"post_tag","embeddable":true,"href":"https:\/\/diarioregionaldigital.com.br\/index.php?rest_route=%2Fwp%2Fv2%2Ftags&post=105896"}],"curies":[{"name":"wp","href":"https:\/\/api.w.org\/{rel}","templated":true}]}}