{"id":105876,"date":"2018-05-26T11:31:18","date_gmt":"2018-05-26T14:31:18","guid":{"rendered":"http:\/\/diarioregionaljf.com.br\/?p=105876"},"modified":"2018-05-26T11:32:10","modified_gmt":"2018-05-26T14:32:10","slug":"dois-sao-vitimas-de-assalto-em-bairros-da-regiao-central","status":"publish","type":"post","link":"https:\/\/diarioregionaldigital.com.br\/?p=105876","title":{"rendered":"Dois s\u00e3o v\u00edtimas de assalto em bairros da regi\u00e3o central"},"content":{"rendered":"<p>A Pol\u00edcia Militar (PM) registrou dois assaltos a transeuntes em bairros da regi\u00e3o central de Juiz de Fora nessa sexta-feira, 25.<\/p>\n<p>Um dos crimes ocorreu na Avenida Bar\u00e3o do Rio Branco, altura do bairro Mariano Proc\u00f3pio, onde uma jovem de 22 anos teve o celular roubado. De acordo com o relato da v\u00edtima, ela transitava pelo local, \u00e0 noite, quando foi abordada por um indiv\u00edduo. Usando de for\u00e7a f\u00edsica, o autor derrubou a mo\u00e7a no ch\u00e3o e roubou seu telefone.<\/p>\n<p>Um adolescente de 16 anos tamb\u00e9m teve o celular roubado, na tarde dessa sexta-feira, 25. O menor relatou que foi abordado por um indiv\u00edduo armado com uma faca na Rua S\u00e3o Mateus, bairro hom\u00f4nimo. Ap\u00f3s roubar o pertence da v\u00edtima, o autor fugiu.<\/p>\n","protected":false},"excerpt":{"rendered":"<p>A Pol\u00edcia Militar (PM) registrou dois assaltos a transeuntes em bairros da regi\u00e3o central de Juiz de Fora nessa sexta-feira, 25. Um dos crimes ocorreu na Avenida Bar\u00e3o do Rio Branco, altura do bairro Mariano Proc\u00f3pio, onde uma jovem de 22 anos teve o celular roubado. De acordo com o relato da v\u00edtima, ela transitava [&hellip;]<\/p>\n","protected":false},"author":96,"featured_media":95836,"comment_status":"closed","ping_status":"closed","sticky":false,"template":"","format":"standard","meta":{"footnotes":""},"categories":[301,439],"tags":[],"class_list":["post-105876","post","type-post","status-publish","format-standard","has-post-thumbnail","hentry","category-artigos-policiais","category-ultima-hora"],"_links":{"self":[{"href":"https:\/\/diarioregionaldigital.com.br\/index.php?rest_route=\/wp\/v2\/posts\/105876","targetHints":{"allow":["GET"]}}],"collection":[{"href":"https:\/\/diarioregionaldigital.com.br\/index.php?rest_route=\/wp\/v2\/posts"}],"about":[{"href":"https:\/\/diarioregionaldigital.com.br\/index.php?rest_route=\/wp\/v2\/types\/post"}],"author":[{"embeddable":true,"href":"https:\/\/diarioregionaldigital.com.br\/index.php?rest_route=\/wp\/v2\/users\/96"}],"replies":[{"embeddable":true,"href":"https:\/\/diarioregionaldigital.com.br\/index.php?rest_route=%2Fwp%2Fv2%2Fcomments&post=105876"}],"version-history":[{"count":0,"href":"https:\/\/diarioregionaldigital.com.br\/index.php?rest_route=\/wp\/v2\/posts\/105876\/revisions"}],"wp:featuredmedia":[{"embeddable":true,"href":"https:\/\/diarioregionaldigital.com.br\/index.php?rest_route=\/wp\/v2\/media\/95836"}],"wp:attachment":[{"href":"https:\/\/diarioregionaldigital.com.br\/index.php?rest_route=%2Fwp%2Fv2%2Fmedia&parent=105876"}],"wp:term":[{"taxonomy":"category","embeddable":true,"href":"https:\/\/diarioregionaldigital.com.br\/index.php?rest_route=%2Fwp%2Fv2%2Fcategories&post=105876"},{"taxonomy":"post_tag","embeddable":true,"href":"https:\/\/diarioregionaldigital.com.br\/index.php?rest_route=%2Fwp%2Fv2%2Ftags&post=105876"}],"curies":[{"name":"wp","href":"https:\/\/api.w.org\/{rel}","templated":true}]}}