{"id":105874,"date":"2018-05-26T10:57:57","date_gmt":"2018-05-26T13:57:57","guid":{"rendered":"http:\/\/diarioregionaljf.com.br\/?p=105874"},"modified":"2018-05-26T10:58:26","modified_gmt":"2018-05-26T13:58:26","slug":"trio-armado-assalta-motorista-e-passageiro-de-coletivo-na-zona-norte","status":"publish","type":"post","link":"https:\/\/diarioregionaldigital.com.br\/?p=105874","title":{"rendered":"Trio armado assalta motorista e passageiro de coletivo na zona Norte"},"content":{"rendered":"<p>Tr\u00eas indiv\u00edduos, um deles armado com um rev\u00f3lver, assaltaram o motorista e um passageiro de um \u00f4nibus do transporte coletivo no bairro Cidade do Sol, zona Norte, na madrugada deste s\u00e1bado, 26.<\/p>\n<p>O funcion\u00e1rio da empresa de transporte, um homem de 53 anos, relatou \u00e0 Pol\u00edcia Militar (PM) que foi abordado pelos autores na Avenida Presidente Juscelino Kubitschek. Ap\u00f3s roubarem R$100 da v\u00edtima, eles subtra\u00edram um aparelho celular e a quantia de R$10 de um passageiro, de 52 anos.<\/p>\n<p>Ap\u00f3s o crime, o trio fugiu em sentido ao bairro Parque das Torres.<\/p>\n","protected":false},"excerpt":{"rendered":"<p>Tr\u00eas indiv\u00edduos, um deles armado com um rev\u00f3lver, assaltaram o motorista e um passageiro de um \u00f4nibus do transporte coletivo no bairro Cidade do Sol, zona Norte, na madrugada deste s\u00e1bado, 26. O funcion\u00e1rio da empresa de transporte, um homem de 53 anos, relatou \u00e0 Pol\u00edcia Militar (PM) que foi abordado pelos autores na Avenida [&hellip;]<\/p>\n","protected":false},"author":96,"featured_media":95836,"comment_status":"closed","ping_status":"closed","sticky":false,"template":"","format":"standard","meta":{"footnotes":""},"categories":[301,439],"tags":[],"class_list":["post-105874","post","type-post","status-publish","format-standard","has-post-thumbnail","hentry","category-artigos-policiais","category-ultima-hora"],"_links":{"self":[{"href":"https:\/\/diarioregionaldigital.com.br\/index.php?rest_route=\/wp\/v2\/posts\/105874","targetHints":{"allow":["GET"]}}],"collection":[{"href":"https:\/\/diarioregionaldigital.com.br\/index.php?rest_route=\/wp\/v2\/posts"}],"about":[{"href":"https:\/\/diarioregionaldigital.com.br\/index.php?rest_route=\/wp\/v2\/types\/post"}],"author":[{"embeddable":true,"href":"https:\/\/diarioregionaldigital.com.br\/index.php?rest_route=\/wp\/v2\/users\/96"}],"replies":[{"embeddable":true,"href":"https:\/\/diarioregionaldigital.com.br\/index.php?rest_route=%2Fwp%2Fv2%2Fcomments&post=105874"}],"version-history":[{"count":0,"href":"https:\/\/diarioregionaldigital.com.br\/index.php?rest_route=\/wp\/v2\/posts\/105874\/revisions"}],"wp:featuredmedia":[{"embeddable":true,"href":"https:\/\/diarioregionaldigital.com.br\/index.php?rest_route=\/wp\/v2\/media\/95836"}],"wp:attachment":[{"href":"https:\/\/diarioregionaldigital.com.br\/index.php?rest_route=%2Fwp%2Fv2%2Fmedia&parent=105874"}],"wp:term":[{"taxonomy":"category","embeddable":true,"href":"https:\/\/diarioregionaldigital.com.br\/index.php?rest_route=%2Fwp%2Fv2%2Fcategories&post=105874"},{"taxonomy":"post_tag","embeddable":true,"href":"https:\/\/diarioregionaldigital.com.br\/index.php?rest_route=%2Fwp%2Fv2%2Ftags&post=105874"}],"curies":[{"name":"wp","href":"https:\/\/api.w.org\/{rel}","templated":true}]}}