{"id":105872,"date":"2018-05-26T10:41:06","date_gmt":"2018-05-26T13:41:06","guid":{"rendered":"http:\/\/diarioregionaljf.com.br\/?p=105872"},"modified":"2018-05-26T10:41:46","modified_gmt":"2018-05-26T13:41:46","slug":"clientes-e-funcionaria-de-padaria-sao-ameacados-de-morte-durante-assalto-no-grama","status":"publish","type":"post","link":"https:\/\/diarioregionaldigital.com.br\/?p=105872","title":{"rendered":"Clientes e funcion\u00e1ria de padaria s\u00e3o amea\u00e7ados de morte durante assalto no Grama"},"content":{"rendered":"<p>Clientes e funcion\u00e1ria de uma padaria localizada na Rua Rio de Janeiro, no bairro Grama, regi\u00e3o Nordeste da cidade, foram rendidos e amea\u00e7ados de morte por um assaltante no final da tarde dessa sexta-feira, 25.<\/p>\n<p>De acordo com o registro da ocorr\u00eancia na Pol\u00edcia Militar (PM), a funcion\u00e1ria, uma jovem de 29 anos, relatou que o assaltante estava com o rosto coberto por uma touca ninja e portava um objeto parcialmente encoberto pela manga da blusa, sendo a parte exposta parecida com o cano de um rev\u00f3lver.<\/p>\n<p>Ap\u00f3s anunciar o assalto, o autor determinou que todos os clientes e a v\u00edtima se deitassem no ch\u00e3o, fazendo amea\u00e7as de morte caso algu\u00e9m se levantasse. O homem entrou no balc\u00e3o e roubou aproximadamente R$500 do caixa do estabelecimento, fugindo logo em seguida, a p\u00e9.<\/p>\n<p>Foi feito rastreamento, mas o autor n\u00e3o foi localizado.<\/p>\n","protected":false},"excerpt":{"rendered":"<p>Clientes e funcion\u00e1ria de uma padaria localizada na Rua Rio de Janeiro, no bairro Grama, regi\u00e3o Nordeste da cidade, foram rendidos e amea\u00e7ados de morte por um assaltante no final da tarde dessa sexta-feira, 25. De acordo com o registro da ocorr\u00eancia na Pol\u00edcia Militar (PM), a funcion\u00e1ria, uma jovem de 29 anos, relatou que [&hellip;]<\/p>\n","protected":false},"author":96,"featured_media":95836,"comment_status":"closed","ping_status":"closed","sticky":false,"template":"","format":"standard","meta":{"footnotes":""},"categories":[301,439],"tags":[],"class_list":["post-105872","post","type-post","status-publish","format-standard","has-post-thumbnail","hentry","category-artigos-policiais","category-ultima-hora"],"_links":{"self":[{"href":"https:\/\/diarioregionaldigital.com.br\/index.php?rest_route=\/wp\/v2\/posts\/105872","targetHints":{"allow":["GET"]}}],"collection":[{"href":"https:\/\/diarioregionaldigital.com.br\/index.php?rest_route=\/wp\/v2\/posts"}],"about":[{"href":"https:\/\/diarioregionaldigital.com.br\/index.php?rest_route=\/wp\/v2\/types\/post"}],"author":[{"embeddable":true,"href":"https:\/\/diarioregionaldigital.com.br\/index.php?rest_route=\/wp\/v2\/users\/96"}],"replies":[{"embeddable":true,"href":"https:\/\/diarioregionaldigital.com.br\/index.php?rest_route=%2Fwp%2Fv2%2Fcomments&post=105872"}],"version-history":[{"count":0,"href":"https:\/\/diarioregionaldigital.com.br\/index.php?rest_route=\/wp\/v2\/posts\/105872\/revisions"}],"wp:featuredmedia":[{"embeddable":true,"href":"https:\/\/diarioregionaldigital.com.br\/index.php?rest_route=\/wp\/v2\/media\/95836"}],"wp:attachment":[{"href":"https:\/\/diarioregionaldigital.com.br\/index.php?rest_route=%2Fwp%2Fv2%2Fmedia&parent=105872"}],"wp:term":[{"taxonomy":"category","embeddable":true,"href":"https:\/\/diarioregionaldigital.com.br\/index.php?rest_route=%2Fwp%2Fv2%2Fcategories&post=105872"},{"taxonomy":"post_tag","embeddable":true,"href":"https:\/\/diarioregionaldigital.com.br\/index.php?rest_route=%2Fwp%2Fv2%2Ftags&post=105872"}],"curies":[{"name":"wp","href":"https:\/\/api.w.org\/{rel}","templated":true}]}}