{"id":105856,"date":"2018-05-25T22:27:39","date_gmt":"2018-05-26T01:27:39","guid":{"rendered":"http:\/\/diarioregionaljf.com.br\/?p=105856"},"modified":"2018-05-25T22:44:15","modified_gmt":"2018-05-26T01:44:15","slug":"mpf-cria-comite-para-apurar-eventuais-crimes-relativos-a-paralisacao","status":"publish","type":"post","link":"https:\/\/diarioregionaldigital.com.br\/?p=105856","title":{"rendered":"MPF cria comit\u00ea para apurar eventuais crimes relativos \u00e0 paralisa\u00e7\u00e3o"},"content":{"rendered":"<p>A procuradora-geral da Rep\u00fablica, Raquel Dodge, instituiu nessa sexta-feira, 25, um comit\u00ea no Minist\u00e9rio P\u00fablico Federal (MPF) para acompanhamento do acordo que encerra a paralisa\u00e7\u00e3o de caminhoneiros e o bloqueio de rodovias em todo o pa\u00eds. O foco \u00e9 fiscalizar a pr\u00e1tica de crimes federais que afetem servi\u00e7os p\u00fablicos e de utilidade p\u00fablica.<\/p>\n<p>Na decis\u00e3o, Raquel Dodge destaca que os atos praticados pelos manifestantes podem configurar quatro crimes federais, como expor a perigo ou tenta impedir ou dificultar navega\u00e7\u00e3o mar\u00edtima, fluvial, a\u00e9rea ou por qualquer outro meio de transporte p\u00fablico.<\/p>\n<p>A procuradora tamb\u00e9m menciona como eventuais crimes a pr\u00e1tica de atentar contra a seguran\u00e7a ou funcionamento de servi\u00e7os de utilidade p\u00fablica como \u00e1gua e luz, al\u00e9m da desobedi\u00eancia \u00e0 ordem legal de funcion\u00e1rio p\u00fablico.<\/p>\n<p>Integram o comit\u00ea, os coordenadores da 2\u00aa e da 3\u00aa c\u00e2maras de Coordena\u00e7\u00e3o e Revis\u00e3o do MPF especializadas, respectivamente, em mat\u00e9ria criminal e consumidor e ordem econ\u00f4mica; os procuradores-chefes das unidades de primeira inst\u00e2ncia do MPF; e, ainda, dois dirigentes do Conselho Nacional de Procuradores Gerais de Justi\u00e7a (CNPG).<\/p>\n<p>&nbsp;<\/p>\n<p><span style=\"font-size: 12pt;\"><strong>DESOBEDI\u00caNCIA \u00c0 JUSTI\u00c7A<\/strong><\/span><\/p>\n<p>Na portaria, Raquel Dodge cita o descumprimento de ordens para a libera\u00e7\u00e3o de vias p\u00fablicas federais que foram concedidas nos \u00faltimos dias pela Justi\u00e7a Federal nos estados de Sergipe, S\u00e3o Paulo, Paran\u00e1, Minas Gerais, Rio Grande do Norte, Goi\u00e1s, Santa Catarina, Pernambuco, Para\u00edba, Rond\u00f4nia, Distrito Federal e Rio Grande do Sul.<\/p>\n<p>Em todo o pa\u00eds, est\u00e3o sendo instaurados procedimentos para apurar os crimes, bem como buscar a responsabiliza\u00e7\u00e3o dos envolvidos. Em Santos (SP), por exemplo, o despacho para abertura da investiga\u00e7\u00e3o cita os transtornos e preju\u00edzos causados pelo movimento grevista em raz\u00e3o do bloqueio das rodovias de acesso ao Porto de Santos.<\/p>\n<p>Na decis\u00e3o, Raquel Dodge sugere por exemplo a apura\u00e7\u00e3o das provid\u00eancias tomadas pelos administradores municipais, pol\u00edcias Militar e Federal, e pela administradora do porto diante da decis\u00e3o judicial que determinou a imediata libera\u00e7\u00e3o das vias.<\/p>\n<p>No Rio Grande do Norte, houve despacho para apura\u00e7\u00e3o de il\u00edcitos criminais praticados contra os servi\u00e7os p\u00fablicos federais, eventual pr\u00e1tica de lockout &#8211; paralisa\u00e7\u00e3o das atividades, por iniciativa do empregador, com o objetivo de frustrar negocia\u00e7\u00e3o ou dificultar o atendimento de reivindica\u00e7\u00f5es dos respectivos empregados -, e desobedi\u00eancia \u00e0 ordem judicial, entre outros.<\/p>\n<p>Tamb\u00e9m foi expedido of\u00edcio \u00e0 Ag\u00eancia Nacional do Petr\u00f3leo, G\u00e1s Natural e Biocombust\u00edveis (ANP) solicitando informa\u00e7\u00f5es sobre a fiscaliza\u00e7\u00e3o de eventuais pr\u00e1ticas abusivas em fun\u00e7\u00e3o do desequil\u00edbrio ocasionado nas rela\u00e7\u00f5es entre os ofertantes de bens e servi\u00e7os e a sociedade.<\/p>\n<p>&nbsp;<\/p>\n<p>Fonte: Ag\u00eancia Brasil<\/p>\n","protected":false},"excerpt":{"rendered":"<p>A procuradora-geral da Rep\u00fablica, Raquel Dodge, instituiu nessa sexta-feira, 25, um comit\u00ea no Minist\u00e9rio P\u00fablico Federal (MPF) para acompanhamento do acordo que encerra a paralisa\u00e7\u00e3o de caminhoneiros e o bloqueio de rodovias em todo o pa\u00eds. O foco \u00e9 fiscalizar a pr\u00e1tica de crimes federais que afetem servi\u00e7os p\u00fablicos e de utilidade p\u00fablica. Na decis\u00e3o, [&hellip;]<\/p>\n","protected":false},"author":96,"featured_media":97343,"comment_status":"closed","ping_status":"closed","sticky":false,"template":"","format":"standard","meta":{"footnotes":""},"categories":[254,439],"tags":[],"class_list":["post-105856","post","type-post","status-publish","format-standard","has-post-thumbnail","hentry","category-politica","category-ultima-hora"],"_links":{"self":[{"href":"https:\/\/diarioregionaldigital.com.br\/index.php?rest_route=\/wp\/v2\/posts\/105856","targetHints":{"allow":["GET"]}}],"collection":[{"href":"https:\/\/diarioregionaldigital.com.br\/index.php?rest_route=\/wp\/v2\/posts"}],"about":[{"href":"https:\/\/diarioregionaldigital.com.br\/index.php?rest_route=\/wp\/v2\/types\/post"}],"author":[{"embeddable":true,"href":"https:\/\/diarioregionaldigital.com.br\/index.php?rest_route=\/wp\/v2\/users\/96"}],"replies":[{"embeddable":true,"href":"https:\/\/diarioregionaldigital.com.br\/index.php?rest_route=%2Fwp%2Fv2%2Fcomments&post=105856"}],"version-history":[{"count":0,"href":"https:\/\/diarioregionaldigital.com.br\/index.php?rest_route=\/wp\/v2\/posts\/105856\/revisions"}],"wp:featuredmedia":[{"embeddable":true,"href":"https:\/\/diarioregionaldigital.com.br\/index.php?rest_route=\/wp\/v2\/media\/97343"}],"wp:attachment":[{"href":"https:\/\/diarioregionaldigital.com.br\/index.php?rest_route=%2Fwp%2Fv2%2Fmedia&parent=105856"}],"wp:term":[{"taxonomy":"category","embeddable":true,"href":"https:\/\/diarioregionaldigital.com.br\/index.php?rest_route=%2Fwp%2Fv2%2Fcategories&post=105856"},{"taxonomy":"post_tag","embeddable":true,"href":"https:\/\/diarioregionaldigital.com.br\/index.php?rest_route=%2Fwp%2Fv2%2Ftags&post=105856"}],"curies":[{"name":"wp","href":"https:\/\/api.w.org\/{rel}","templated":true}]}}