{"id":105840,"date":"2018-05-27T06:00:12","date_gmt":"2018-05-27T09:00:12","guid":{"rendered":"http:\/\/diarioregionaljf.com.br\/?p=105840"},"modified":"2018-08-13T20:28:21","modified_gmt":"2018-08-13T23:28:21","slug":"edital-de-convocacao-clube-atletico-caicaras-27-05-18","status":"publish","type":"post","link":"https:\/\/diarioregionaldigital.com.br\/?p=105840","title":{"rendered":"Edital de Convoca\u00e7\u00e3o &#8211; Clube Atl\u00e9tico Cai\u00e7aras 27\/05\/18"},"content":{"rendered":"<p style=\"text-align: center;\"><span style=\"font-size: 14pt;\"><strong><u>Edital de Convoca\u00e7\u00e3o<\/u><\/strong><\/span><\/p>\n<p>\u00a0\u00a0\u00a0\u00a0\u00a0\u00a0\u00a0\u00a0 O presidente do Clube Atl\u00e9tico Cai\u00e7aras, Sr.Jos\u00e9 Antonio da Gama, respaldado pelo Conselho Deliberativo, vem atrav\u00e9s deste edital CONVOCAR os S\u00f3cios (as) Propriet\u00e1rios (as), quites e em pleno gozo de seus direitos sociais para participarem da ASSEMBLEIA GERAL EXTRAORDIN\u00c1RIA a ser realizada na Sede Social do Clube, situada nesta cidade, na Rua dos Cai\u00e7aras n.\u00ba 35, no<u> dia 09 de junho de 2018, (s\u00e1bado), <\/u>em primeira convoca\u00e7\u00e3o 15:00 horas, segunda \u00e0s 15:15 horas e a terceira e \u00faltima convoca\u00e7\u00e3o <u>\u00e0s 15:30 horas<\/u>, do mesmo dia, para tratar da seguinte:<\/p>\n<p style=\"text-align: center;\"><strong>ORDEM DO DIA<\/strong><\/p>\n<ul>\n<li>Presta\u00e7\u00f5es de informa\u00e7\u00f5es sobre a administra\u00e7\u00e3o do Clube.<\/li>\n<li>Cria\u00e7\u00e3o de taxa extra para pagamento do acordo do Processo movido pela Sr\u00aa Hilda Gon\u00e7alves.<\/li>\n<li>Cria\u00e7\u00e3o de taxa extra para custeio das obras necess\u00e1rias (rampa e caixa d\u2019\u00e1gua).<\/li>\n<li>Assuntos gerais.<\/li>\n<\/ul>\n<p style=\"text-align: center;\">Juiz de Fora, 18 de maio de 2018.<\/p>\n<p style=\"text-align: center;\"><strong>Jos\u00e9 Antonio da Gama &#8211; Presidente<\/strong><\/p>\n","protected":false},"excerpt":{"rendered":"<p>Edital de Convoca\u00e7\u00e3o \u00a0\u00a0\u00a0\u00a0\u00a0\u00a0\u00a0\u00a0 O presidente do Clube Atl\u00e9tico Cai\u00e7aras, Sr.Jos\u00e9 Antonio da Gama, respaldado pelo Conselho Deliberativo, vem atrav\u00e9s deste edital CONVOCAR os S\u00f3cios (as) Propriet\u00e1rios (as), quites e em pleno gozo de seus direitos sociais para participarem da ASSEMBLEIA GERAL EXTRAORDIN\u00c1RIA a ser realizada na Sede Social do Clube, situada nesta cidade, na [&hellip;]<\/p>\n","protected":false},"author":96,"featured_media":0,"comment_status":"closed","ping_status":"closed","sticky":false,"template":"","format":"standard","meta":{"footnotes":""},"categories":[307],"tags":[],"class_list":["post-105840","post","type-post","status-publish","format-standard","hentry","category-editais"],"_links":{"self":[{"href":"https:\/\/diarioregionaldigital.com.br\/index.php?rest_route=\/wp\/v2\/posts\/105840","targetHints":{"allow":["GET"]}}],"collection":[{"href":"https:\/\/diarioregionaldigital.com.br\/index.php?rest_route=\/wp\/v2\/posts"}],"about":[{"href":"https:\/\/diarioregionaldigital.com.br\/index.php?rest_route=\/wp\/v2\/types\/post"}],"author":[{"embeddable":true,"href":"https:\/\/diarioregionaldigital.com.br\/index.php?rest_route=\/wp\/v2\/users\/96"}],"replies":[{"embeddable":true,"href":"https:\/\/diarioregionaldigital.com.br\/index.php?rest_route=%2Fwp%2Fv2%2Fcomments&post=105840"}],"version-history":[{"count":0,"href":"https:\/\/diarioregionaldigital.com.br\/index.php?rest_route=\/wp\/v2\/posts\/105840\/revisions"}],"wp:attachment":[{"href":"https:\/\/diarioregionaldigital.com.br\/index.php?rest_route=%2Fwp%2Fv2%2Fmedia&parent=105840"}],"wp:term":[{"taxonomy":"category","embeddable":true,"href":"https:\/\/diarioregionaldigital.com.br\/index.php?rest_route=%2Fwp%2Fv2%2Fcategories&post=105840"},{"taxonomy":"post_tag","embeddable":true,"href":"https:\/\/diarioregionaldigital.com.br\/index.php?rest_route=%2Fwp%2Fv2%2Ftags&post=105840"}],"curies":[{"name":"wp","href":"https:\/\/api.w.org\/{rel}","templated":true}]}}