{"id":105797,"date":"2018-05-25T19:35:22","date_gmt":"2018-05-25T22:35:22","guid":{"rendered":"http:\/\/diarioregionaljf.com.br\/?p=105797"},"modified":"2018-05-25T19:35:22","modified_gmt":"2018-05-25T22:35:22","slug":"torneio-leiteiro-de-humaita-abre-oficialmente-circuito-de-eventos-rurais-de-jf","status":"publish","type":"post","link":"https:\/\/diarioregionaldigital.com.br\/?p=105797","title":{"rendered":"\u201cTorneio Leiteiro de Humait\u00e1\u201d abre oficialmente circuito de eventos rurais de JF"},"content":{"rendered":"<p>Dando in\u00edcio ao circuito de eventos rurais de Juiz de Fora, o \u201c28\u00ba Torneio Leiteiro de Humait\u00e1\u201d teve sua abertura oficial na noite de quinta-feira, 24, no \u201cPavilh\u00e3o do Gado de Leite\u201d. O evento, realizado em parceria com a Secretaria de Agropecu\u00e1ria e Abastecimento (SAA) da Prefeitura de Juiz de Fora (PJF), acontece at\u00e9 este domingo, 27, no campo de futebol da comunidade.<\/p>\n<p>Esta competi\u00e7\u00e3o \u00e9 considerada de alta produtividade, e movimenta toda regi\u00e3o. O prefeito Ant\u00f4nio Almas fez a abertura oficial do evento. \u201cO que estamos celebrando \u00e9 a parceria do produtor rural com a Prefeitura de Juiz de Fora\u201d, destacou ele, enaltecendo \u201ca import\u00e2ncia desta produ\u00e7\u00e3o para toda sociedade\u201d.<\/p>\n<p>A programa\u00e7\u00e3o de shows, que pode ser conferida <a href=\"https:\/\/www.pjf.mg.gov.br\/noticias\/anexo\/torneio_leiteiro.pdf\">em anexo<\/a>, inclui diversos artistas sertanejos, entre eles as duplas Thamara e Tha\u00eds, Edson e Lucas, Felipe e Gabriel, Junior e Gustavo, Luka Santiago e Fl\u00e1via Vianna e Rhuan Cond\u00e9, al\u00e9m das bandas Bazuka e Relux e do grupo Melhor Assim.<\/p>\n<p>A representante da comiss\u00e3o organizadora da festa, Tamara Aquino, refor\u00e7ou que o evento \u00e9 de grande import\u00e2ncia para o setor: \u201c\u00c9 uma classe disposta e faz quest\u00e3o de mostrar o trabalho, e temos percebido que a cada ano h\u00e1 a melhora gen\u00e9tica dos animais.\u201d<\/p>\n<p>A PJF fornece toda a estrutura para o evento, incluindo palco, barracas e banheiros qu\u00edmicos. Os torneios t\u00eam apoio t\u00e9cnico e log\u00edstico da SAA, da Companhia de Saneamento Municipal (Cesama), do Departamento Municipal de Limpeza Urbana (Demlurb), do \u201cPro-energia\u201d, das secretarias de Atividades Urbanas (SAU) e de Transporte e Tr\u00e2nsito (Settra) e da Guarda Municipal. A realiza\u00e7\u00e3o de cada evento do circuito fica a cargo das associa\u00e7\u00f5es de produtores da regi\u00e3o, que contar\u00e3o tamb\u00e9m com parceiros interessados em prestigiar e resguardar a tradi\u00e7\u00e3o das comunidades.<\/p>\n<p><b>\u00d4nibus extras<\/b><\/p>\n<p>A Settra disponibilizar\u00e1, at\u00e9 domingo, hor\u00e1rios extras da linha de \u00f4nibus 740 (Humait\u00e1), com sa\u00eddas da comunidade. Assim, nesta sexta-feira, ser\u00e3o dois hor\u00e1rios, \u00e0 1h40 e \u00e0s 3h20 (madrugada de s\u00e1bado); no s\u00e1bado, \u00e0s 4 horas e 4h20 (madrugada de domingo); e no domingo, \u00e0 0h10 (madrugada de segunda).<\/p>\n<p>&nbsp;<\/p>\n<p>Fonte: Assessoria<\/p>\n","protected":false},"excerpt":{"rendered":"<p>Dando in\u00edcio ao circuito de eventos rurais de Juiz de Fora, o \u201c28\u00ba Torneio Leiteiro de Humait\u00e1\u201d teve sua abertura oficial na noite de quinta-feira, 24, no \u201cPavilh\u00e3o do Gado de Leite\u201d. O evento, realizado em parceria com a Secretaria de Agropecu\u00e1ria e Abastecimento (SAA) da Prefeitura de Juiz de Fora (PJF), acontece at\u00e9 este [&hellip;]<\/p>\n","protected":false},"author":96,"featured_media":105098,"comment_status":"closed","ping_status":"closed","sticky":false,"template":"","format":"standard","meta":{"footnotes":""},"categories":[253,439],"tags":[],"class_list":["post-105797","post","type-post","status-publish","format-standard","has-post-thumbnail","hentry","category-cidade","category-ultima-hora"],"_links":{"self":[{"href":"https:\/\/diarioregionaldigital.com.br\/index.php?rest_route=\/wp\/v2\/posts\/105797","targetHints":{"allow":["GET"]}}],"collection":[{"href":"https:\/\/diarioregionaldigital.com.br\/index.php?rest_route=\/wp\/v2\/posts"}],"about":[{"href":"https:\/\/diarioregionaldigital.com.br\/index.php?rest_route=\/wp\/v2\/types\/post"}],"author":[{"embeddable":true,"href":"https:\/\/diarioregionaldigital.com.br\/index.php?rest_route=\/wp\/v2\/users\/96"}],"replies":[{"embeddable":true,"href":"https:\/\/diarioregionaldigital.com.br\/index.php?rest_route=%2Fwp%2Fv2%2Fcomments&post=105797"}],"version-history":[{"count":0,"href":"https:\/\/diarioregionaldigital.com.br\/index.php?rest_route=\/wp\/v2\/posts\/105797\/revisions"}],"wp:featuredmedia":[{"embeddable":true,"href":"https:\/\/diarioregionaldigital.com.br\/index.php?rest_route=\/wp\/v2\/media\/105098"}],"wp:attachment":[{"href":"https:\/\/diarioregionaldigital.com.br\/index.php?rest_route=%2Fwp%2Fv2%2Fmedia&parent=105797"}],"wp:term":[{"taxonomy":"category","embeddable":true,"href":"https:\/\/diarioregionaldigital.com.br\/index.php?rest_route=%2Fwp%2Fv2%2Fcategories&post=105797"},{"taxonomy":"post_tag","embeddable":true,"href":"https:\/\/diarioregionaldigital.com.br\/index.php?rest_route=%2Fwp%2Fv2%2Ftags&post=105797"}],"curies":[{"name":"wp","href":"https:\/\/api.w.org\/{rel}","templated":true}]}}