{"id":105782,"date":"2018-05-27T06:00:51","date_gmt":"2018-05-27T09:00:51","guid":{"rendered":"http:\/\/diarioregionaljf.com.br\/?p=105782"},"modified":"2018-05-25T19:30:51","modified_gmt":"2018-05-25T22:30:51","slug":"in-moda-27-de-maio-de-2018","status":"publish","type":"post","link":"https:\/\/diarioregionaldigital.com.br\/?p=105782","title":{"rendered":"IN MODA &#8211; 27 de maio de 2018"},"content":{"rendered":"<p style=\"text-align: center;\"><span style=\"font-size: 18pt;\"><strong>FASHION NEWS<\/strong><\/span><\/p>\n<ul>\n<li><strong>FAAP MODA 15 ANOS<\/strong><\/li>\n<\/ul>\n<p style=\"text-align: center;\">Nesta semana, foi divulgado no Instagram da pr\u00f3pria\u00a0institui\u00e7\u00e3o os finalistas do concurso Faap Moda 15\u00a0anos. Os sete finalistas deram um show de criatividade.\u00a0A primeira aluna colocada trouxe o tema \u201ccouro humano\u201d.\u00a0O concurso abre portas a novos talentos e inspira\u00a0alunos de moda de todo o pa\u00eds.<\/p>\n<ul>\n<li><strong>GANGSTER CHIC<\/strong><\/li>\n<\/ul>\n<p><img loading=\"lazy\" decoding=\"async\" class=\"wp-image-105783 size-large aligncenter\" src=\"http:\/\/diarioregionaljf.com.br\/wp-content\/uploads\/2018\/05\/GANGSTER-STYLE-1024x683.jpg\" alt=\"\" width=\"1024\" height=\"683\" srcset=\"https:\/\/diarioregionaldigital.com.br\/wp-content\/uploads\/2018\/05\/GANGSTER-STYLE-1024x683.jpg 1024w, https:\/\/diarioregionaldigital.com.br\/wp-content\/uploads\/2018\/05\/GANGSTER-STYLE-300x200.jpg 300w, https:\/\/diarioregionaldigital.com.br\/wp-content\/uploads\/2018\/05\/GANGSTER-STYLE-768x512.jpg 768w, https:\/\/diarioregionaldigital.com.br\/wp-content\/uploads\/2018\/05\/GANGSTER-STYLE-360x240.jpg 360w, https:\/\/diarioregionaldigital.com.br\/wp-content\/uploads\/2018\/05\/GANGSTER-STYLE.jpg 1200w\" sizes=\"auto, (max-width: 1024px) 100vw, 1024px\" \/><\/p>\n<p style=\"text-align: center;\">O \u00edcone, considerado precursor\u00a0do estilo Gangster Chic, o\u00a0alfaiate Dapper Dan, se junta a\u00a0Gucci para uma linha colaborativa.\u00a0Dapper Dan ficou conhecido\u00a0por sua loja em Nova York,\u00a0que teve as portas fechadas h\u00e1\u00a026 anos, devido a in\u00fameros processos\u00a0de grandes marcas por\u00a0viola\u00e7\u00e3o de direitos \u2013 incluindo\u00a0a pr\u00f3pria Gucci. Ap\u00f3s estrelar\u00a0uma campanha da marca no\u00a0ano passado e conseguir reabrir\u00a0a sua loja no Harlem, tendo\u00a0a Gucci como parceira, Dapper\u00a0Dan se une a Alessandro Michele\u00a0para uma cole\u00e7\u00e3o que \u00e9\u00a0uma homenagem a marca do\u00a0alfaiate, pe\u00e7as cl\u00e1ssicas como\u00a0os palet\u00f3s xadrez e jaquetas\u00a0de nylon aparecem em vers\u00e3o\u00a0atualizada. As pe\u00e7as estar\u00e3o a\u00a0venda apenas na loja da grife\u00a0no So-Ho.<\/p>\n<hr \/>\n<p style=\"text-align: center;\"><span style=\"font-size: 18pt;\"><strong>RAIO-X FASHION<\/strong><\/span><\/p>\n<p style=\"text-align: left;\"><img loading=\"lazy\" decoding=\"async\" class=\"wp-image-105784 alignright\" src=\"http:\/\/diarioregionaljf.com.br\/wp-content\/uploads\/2018\/05\/RAIO-X-300x200.jpeg\" alt=\"\" width=\"400\" height=\"267\" srcset=\"https:\/\/diarioregionaldigital.com.br\/wp-content\/uploads\/2018\/05\/RAIO-X-300x200.jpeg 300w, https:\/\/diarioregionaldigital.com.br\/wp-content\/uploads\/2018\/05\/RAIO-X-768x512.jpeg 768w, https:\/\/diarioregionaldigital.com.br\/wp-content\/uploads\/2018\/05\/RAIO-X-1024x682.jpeg 1024w, https:\/\/diarioregionaldigital.com.br\/wp-content\/uploads\/2018\/05\/RAIO-X-360x240.jpeg 360w, https:\/\/diarioregionaldigital.com.br\/wp-content\/uploads\/2018\/05\/RAIO-X.jpeg 1280w\" sizes=\"auto, (max-width: 400px) 100vw, 400px\" \/>Norma Pifano ama inventar\u00a0uma moda! Seja\u00a0ela na cozinha, na maquiagem\u00a0ou em uma produ\u00e7\u00e3o\u00a0fotogr\u00e1fica. Tudo\u00a0faz parte do seu mundo!\u00a0Profissional de primeira\u00a0grandeza, a maquiadora,\u00a0dona de um perfil empreendedor,\u00a0a loira exerce\u00a0mil e uma utilidades no\u00a0renomado sal\u00e3o criado\u00a0por sua m\u00e3e, h\u00e1 32 anos,\u00a0e transita muito bem pelo\u00a0mundo da beleza, moda\u00a0e gastronomia. E ainda \u00e9\u00a0dona de um estilo cheio\u00a0de personalidade!<\/p>\n<p style=\"text-align: center;\"><strong>CONFIRA O RAIO-X\u00a0FASHION DE NORMA\u00a0PIFANO<\/strong><\/p>\n<p style=\"text-align: center;\">\u201cSempre acompanhei a\u00a0moda de forma leve, nunca\u00a0fui de usar \u201cs\u00f3 porque\u00a0est\u00e1 na moda\u201d! Gosto\u00a0mesmo \u00e9 de dar um toque\u00a0cool e ficar confort\u00e1vel\u00a0dentro de um look glamuroso!\u00a0Amo um t\u00eanis,\u00a0mas vez ou outra me rendo\u00a0ao salto. Ah! Coisas de\u00a0mulheres&#8230;\u201d<\/p>\n<p><strong>\u2022 Sua cor favorita:<\/strong> azul<br \/>\n<strong>\u2022 Seu perfume:<\/strong> burberry brit<br \/>\n<strong>\u2022 No seu n\u00e9cessaire n\u00e3o falta:<\/strong> filtro solar.<br \/>\n<strong>\u2022 Um acess\u00f3rio indispens\u00e1vel:<\/strong> \u00f3culos\u00a0de sol.<br \/>\n<strong>\u2022 Sua bolsa preferida:<\/strong> as compactas\u00a0com al\u00e7as compridas!<br \/>\n<strong>\u2022 Salto alto \u00e9 para:<\/strong> ficar poderosa.<br \/>\n<strong>\u2022 Make do dia a dia:<\/strong> filtro solar com\u00a0base, r\u00edmel e blush.<br \/>\n<strong>\u2022 Ser elegante \u00e9:<\/strong> ser simp\u00e1tica.<br \/>\n<strong>\u2022 Estar bem vestida \u00e9:<\/strong> estar no seu\u00a0estilo.<\/p>\n<p><strong>\u2022\u00a0Numa produ\u00e7\u00e3o para festa n\u00e3o abre\u00a0<\/strong><strong>m\u00e3o de:<\/strong> make e cabelos bem feitos.<br \/>\n\u2022 <strong>Um look imbat\u00edvel:<\/strong> vestido midi.<br \/>\n<strong>\u2022 Confessa que usou:<\/strong> uma meia de\u00a0cada p\u00e9 kkkk (se n\u00e3o achar na correria,\u00a0ainda uso!).<br \/>\n<strong>\u2022 Nunca usaria:<\/strong> n\u00e3o tenho restri\u00e7\u00f5es.<br \/>\n<strong>\u2022 Uma paix\u00e3o fashion:<\/strong> scarpin.<br \/>\n<strong>\u2022 5 pe\u00e7as de roupas que s\u00e3o suas favoritas:<\/strong>\u00a0cal\u00e7a jeans, jaqueta jeans, blazer,\u00a0vestido\/saia midi, T-shirts esportivas.<br \/>\n<strong>\u2022 Moda \u00e9:<\/strong> sentir-se bem.<br \/>\n<strong>\u2022 Estilo \u00e9:<\/strong> ser aut\u00eantico na escolha.<\/p>\n<hr \/>\n<p style=\"text-align: center;\"><span style=\"font-size: 18pt;\"><strong>HOR\u00d3SCOPO FASHION<\/strong><\/span><\/p>\n<p><span style=\"font-size: 14pt;\"><strong>G\u00eameos<\/strong><\/span><\/p>\n<p style=\"text-align: center;\"><img loading=\"lazy\" decoding=\"async\" class=\"alignleft wp-image-105785 size-full\" src=\"http:\/\/diarioregionaljf.com.br\/wp-content\/uploads\/2018\/05\/HOR\u00d3SCOPO-FASHION.jpg\" alt=\"\" width=\"405\" height=\"607\" srcset=\"https:\/\/diarioregionaldigital.com.br\/wp-content\/uploads\/2018\/05\/HOR\u00d3SCOPO-FASHION.jpg 405w, https:\/\/diarioregionaldigital.com.br\/wp-content\/uploads\/2018\/05\/HOR\u00d3SCOPO-FASHION-200x300.jpg 200w, https:\/\/diarioregionaldigital.com.br\/wp-content\/uploads\/2018\/05\/HOR\u00d3SCOPO-FASHION-360x540.jpg 360w\" sizes=\"auto, (max-width: 405px) 100vw, 405px\" \/><\/p>\n<p>&nbsp;<\/p>\n<p style=\"text-align: center;\">Chegou o m\u00eas das geminianas, o signo mais\u00a0comunicativo do zod\u00edaco. Ousadas, criativas e\u00a0modernas, elas t\u00eam personalidade e nada de ter\u00a0um estilo \u00fanico no guarda-roupa, a geminiana \u00e9\u00a0camaleoa e se adapta facilmente \u00e0s mudan\u00e7as.\u00a0A geminiana apresenta mudan\u00e7as de humor repentino\u00a0e isso pode influenciar a sua forma de\u00a0se vestir, mas no geral espere pe\u00e7as ousadas,\u00a0fashionistas e modernas.<\/p>\n<p>&nbsp;<\/p>\n<p>&nbsp;<\/p>\n<hr \/>\n<p>&nbsp;<\/p>\n<p style=\"text-align: center;\"><strong><span style=\"font-size: 18pt;\">TRENDS<\/span><\/strong><\/p>\n<ul>\n<li><strong>TODOS AMAMOS T\u00caNIS<\/strong><\/li>\n<\/ul>\n<p style=\"text-align: center;\">Todo mundo j\u00e1 sabe que\u00a0os t\u00eanis est\u00e3o em alta. Desde\u00a0o adidas star at\u00e9 o pol\u00eamico\u00a0modelo \u201cugly sneaker\u201d,\u00a0o item ganhou um\u00a0espa\u00e7o no closet das fashionistas. A mania agora \u00e9\u00a0o \u201cknit Minimal\u201d da Shutz. O\u00a0modelo tem design minimalista\u00a0e alia conforto e estilo\u00a0perfeitamente. S\u00e3o novos\u00a0ares na pegada sport chic.<\/p>\n<p><img loading=\"lazy\" decoding=\"async\" class=\"alignnone size-full wp-image-105787\" src=\"http:\/\/diarioregionaljf.com.br\/wp-content\/uploads\/2018\/05\/tenis.jpeg\" alt=\"\" width=\"1242\" height=\"1199\" srcset=\"https:\/\/diarioregionaldigital.com.br\/wp-content\/uploads\/2018\/05\/tenis.jpeg 1242w, https:\/\/diarioregionaldigital.com.br\/wp-content\/uploads\/2018\/05\/tenis-300x290.jpeg 300w, https:\/\/diarioregionaldigital.com.br\/wp-content\/uploads\/2018\/05\/tenis-768x741.jpeg 768w, https:\/\/diarioregionaldigital.com.br\/wp-content\/uploads\/2018\/05\/tenis-1024x989.jpeg 1024w, https:\/\/diarioregionaldigital.com.br\/wp-content\/uploads\/2018\/05\/tenis-360x348.jpeg 360w\" sizes=\"auto, (max-width: 1242px) 100vw, 1242px\" \/><\/p>\n<p>&nbsp;<\/p>\n<ul>\n<li><strong>SPORTSWEAR SEM FREIOS<\/strong><\/li>\n<\/ul>\n<p style=\"text-align: center;\">O sportswear\u00a0vem dominando\u00a0cada vez mais\u00a0os looks casuais\u00a0do street style. O\u00a0que se tem visto\u00a0por a\u00ed agora,\u00a0s\u00e3o as bermudas\u00a0ciclista. Sim! Usada\u00a0sem looks sofisticados.\u00a0Muita\u00a0gente desaprovou\u00a0a tend\u00eancia, mas\u00a0em contrapartida,\u00a0parece que vai virar\u00a0mania. A bermuda\u00a0j\u00e1 foi vista\u00a0at\u00e9 em um look de\u00a0gala para o Festival\u00a0de Cannes!<\/p>\n<p style=\"text-align: center;\"><img loading=\"lazy\" decoding=\"async\" class=\"aligncenter wp-image-105788 size-full\" src=\"http:\/\/diarioregionaljf.com.br\/wp-content\/uploads\/2018\/05\/SPORTWEAR-SEM-FREIOS.jpeg\" alt=\"\" width=\"1000\" height=\"1280\" srcset=\"https:\/\/diarioregionaldigital.com.br\/wp-content\/uploads\/2018\/05\/SPORTWEAR-SEM-FREIOS.jpeg 1000w, https:\/\/diarioregionaldigital.com.br\/wp-content\/uploads\/2018\/05\/SPORTWEAR-SEM-FREIOS-234x300.jpeg 234w, https:\/\/diarioregionaldigital.com.br\/wp-content\/uploads\/2018\/05\/SPORTWEAR-SEM-FREIOS-768x983.jpeg 768w, https:\/\/diarioregionaldigital.com.br\/wp-content\/uploads\/2018\/05\/SPORTWEAR-SEM-FREIOS-800x1024.jpeg 800w, https:\/\/diarioregionaldigital.com.br\/wp-content\/uploads\/2018\/05\/SPORTWEAR-SEM-FREIOS-360x461.jpeg 360w\" sizes=\"auto, (max-width: 1000px) 100vw, 1000px\" \/><\/p>\n<hr \/>\n<p style=\"text-align: center;\"><span style=\"font-size: 18pt;\"><strong>CLICK IN MODA<\/strong><\/span><\/p>\n<p style=\"text-align: center;\">Fechando o m\u00eas das noivas, a bel\u00edssima Ingrid Og,\u00a0com modelo exclusivo da Cris\u00e1lida Couture, idealizado\u00a0para celebrar suas Bodas de Porcelana. Click das\u00a0lentes de Paola e Roberto, do Est\u00fadio Megazap.<\/p>\n<p><img loading=\"lazy\" decoding=\"async\" class=\"alignnone size-full wp-image-105789\" src=\"http:\/\/diarioregionaljf.com.br\/wp-content\/uploads\/2018\/05\/CLICK-IN-MODA-1.jpeg\" alt=\"\" width=\"854\" height=\"1280\" srcset=\"https:\/\/diarioregionaldigital.com.br\/wp-content\/uploads\/2018\/05\/CLICK-IN-MODA-1.jpeg 854w, https:\/\/diarioregionaldigital.com.br\/wp-content\/uploads\/2018\/05\/CLICK-IN-MODA-1-200x300.jpeg 200w, https:\/\/diarioregionaldigital.com.br\/wp-content\/uploads\/2018\/05\/CLICK-IN-MODA-1-768x1151.jpeg 768w, https:\/\/diarioregionaldigital.com.br\/wp-content\/uploads\/2018\/05\/CLICK-IN-MODA-1-683x1024.jpeg 683w, https:\/\/diarioregionaldigital.com.br\/wp-content\/uploads\/2018\/05\/CLICK-IN-MODA-1-360x540.jpeg 360w\" sizes=\"auto, (max-width: 854px) 100vw, 854px\" \/><\/p>\n<p style=\"text-align: center;\"><strong>Colaboradoras: MARIANA MATOS E MARIA EDUARDA VER\u00cdSSIMO<\/strong><\/p>\n","protected":false},"excerpt":{"rendered":"<p>FASHION NEWS FAAP MODA 15 ANOS Nesta semana, foi divulgado no Instagram da pr\u00f3pria\u00a0institui\u00e7\u00e3o os finalistas do concurso Faap Moda 15\u00a0anos. Os sete finalistas deram um show de criatividade.\u00a0A primeira aluna colocada trouxe o tema \u201ccouro humano\u201d.\u00a0O concurso abre portas a novos talentos e inspira\u00a0alunos de moda de todo o pa\u00eds. GANGSTER CHIC O \u00edcone, [&hellip;]<\/p>\n","protected":false},"author":96,"featured_media":105784,"comment_status":"closed","ping_status":"closed","sticky":false,"template":"","format":"standard","meta":{"footnotes":""},"categories":[285],"tags":[],"class_list":["post-105782","post","type-post","status-publish","format-standard","has-post-thumbnail","hentry","category-moda-ana-paula-calixto"],"_links":{"self":[{"href":"https:\/\/diarioregionaldigital.com.br\/index.php?rest_route=\/wp\/v2\/posts\/105782","targetHints":{"allow":["GET"]}}],"collection":[{"href":"https:\/\/diarioregionaldigital.com.br\/index.php?rest_route=\/wp\/v2\/posts"}],"about":[{"href":"https:\/\/diarioregionaldigital.com.br\/index.php?rest_route=\/wp\/v2\/types\/post"}],"author":[{"embeddable":true,"href":"https:\/\/diarioregionaldigital.com.br\/index.php?rest_route=\/wp\/v2\/users\/96"}],"replies":[{"embeddable":true,"href":"https:\/\/diarioregionaldigital.com.br\/index.php?rest_route=%2Fwp%2Fv2%2Fcomments&post=105782"}],"version-history":[{"count":0,"href":"https:\/\/diarioregionaldigital.com.br\/index.php?rest_route=\/wp\/v2\/posts\/105782\/revisions"}],"wp:featuredmedia":[{"embeddable":true,"href":"https:\/\/diarioregionaldigital.com.br\/index.php?rest_route=\/wp\/v2\/media\/105784"}],"wp:attachment":[{"href":"https:\/\/diarioregionaldigital.com.br\/index.php?rest_route=%2Fwp%2Fv2%2Fmedia&parent=105782"}],"wp:term":[{"taxonomy":"category","embeddable":true,"href":"https:\/\/diarioregionaldigital.com.br\/index.php?rest_route=%2Fwp%2Fv2%2Fcategories&post=105782"},{"taxonomy":"post_tag","embeddable":true,"href":"https:\/\/diarioregionaldigital.com.br\/index.php?rest_route=%2Fwp%2Fv2%2Ftags&post=105782"}],"curies":[{"name":"wp","href":"https:\/\/api.w.org\/{rel}","templated":true}]}}