{"id":105760,"date":"2018-05-25T18:25:54","date_gmt":"2018-05-25T21:25:54","guid":{"rendered":"http:\/\/diarioregionaljf.com.br\/?p=105760"},"modified":"2018-05-25T18:25:54","modified_gmt":"2018-05-25T21:25:54","slug":"mpmg-recomenda-que-fornecedores-nao-elevem-preco-de-alimentos-sem-justa-causa-no-estado","status":"publish","type":"post","link":"https:\/\/diarioregionaldigital.com.br\/?p=105760","title":{"rendered":"MPMG recomenda que fornecedores n\u00e3o elevem pre\u00e7o de alimentos sem justa causa no estado"},"content":{"rendered":"<p>O Minist\u00e9rio P\u00fablico de Minas Gerais (MPMG), por meio 14\u00aa Promotoria de Justi\u00e7a de Defesa do Consumidor de Belo Horizonte, expediu, na tarde dessa sexta-feira, 25, Recomenda\u00e7\u00e3o a fornecedores, varejistas e atacadistas no estado para n\u00e3o promovam eleva\u00e7\u00e3o de pre\u00e7o de alimentos sem justa causa. A institui\u00e7\u00e3o orienta que a precifica\u00e7\u00e3o seja adotada de modo a se evitar o aumento injustificado para al\u00e9m dos praticados antes da restri\u00e7\u00e3o do reabastecimento.<\/p>\n<p>Conforme apurado, aproveitando-se da greve dos caminhoneiros, atacadistas est\u00e3o elevando os pre\u00e7os dos alimentos a patamares exorbitantes, circunst\u00e2ncia que pode elevar tamb\u00e9m os pre\u00e7os dos alimentos comercializados pelos varejistas.<\/p>\n<p>A pr\u00e1tica, conforme ressaltado na Recomenda\u00e7\u00e3o, caracteriza infra\u00e7\u00e3o ao C\u00f3digo de Defesa do Consumidor (CDC) e sujeita o infrator a san\u00e7\u00f5es administrativas, como multa, apreens\u00e3o do produto, suspens\u00e3o de atividade, cassa\u00e7\u00e3o de licen\u00e7a para funcionamento e interdi\u00e7\u00e3o do estabelecimento. Al\u00e9m disso, a fixa\u00e7\u00e3o artificial de pre\u00e7os ou quantidades vendidas ou produzidas \u00e9 crime contra as rela\u00e7\u00f5es de consumo, punido com pena de reclus\u00e3o de dois a cinco anos, e multa.<\/p>\n<p>O MPMG lembra ainda que, conforme a Lei 1.521\/51, \u00e9 crime contra a economia popular, punido com pena de deten\u00e7\u00e3o, de dois anos a 10 anos, e multa, provocar a alta ou baixa de pre\u00e7os de mercadorias, por meio de not\u00edcias falsas, opera\u00e7\u00f5es fict\u00edcias ou qualquer outro artif\u00edcio, e obter ou estipular, em qualquer contrato, abusando da necessidade, inexperi\u00eancia ou leviandade da outra parte, lucro patrimonial que exceda o quinto do valor corrente ou justo da presta\u00e7\u00e3o feita ou prometida.<\/p>\n<p>O documento ser\u00e1 enviado \u00e0 Associa\u00e7\u00e3o Mineira de Supermercados (AMIS) e ao Ceasaminas, com a finalidade de repassarem as recomenda\u00e7\u00f5es aos seus associados.<\/p>\n<p>&nbsp;<\/p>\n<p>Fonte: Assessoria<\/p>\n","protected":false},"excerpt":{"rendered":"<p>O Minist\u00e9rio P\u00fablico de Minas Gerais (MPMG), por meio 14\u00aa Promotoria de Justi\u00e7a de Defesa do Consumidor de Belo Horizonte, expediu, na tarde dessa sexta-feira, 25, Recomenda\u00e7\u00e3o a fornecedores, varejistas e atacadistas no estado para n\u00e3o promovam eleva\u00e7\u00e3o de pre\u00e7o de alimentos sem justa causa. A institui\u00e7\u00e3o orienta que a precifica\u00e7\u00e3o seja adotada de modo [&hellip;]<\/p>\n","protected":false},"author":96,"featured_media":105764,"comment_status":"closed","ping_status":"closed","sticky":false,"template":"","format":"standard","meta":{"footnotes":""},"categories":[440,252,439],"tags":[],"class_list":["post-105760","post","type-post","status-publish","format-standard","has-post-thumbnail","hentry","category-destaques-do-dia","category-regiao","category-ultima-hora"],"_links":{"self":[{"href":"https:\/\/diarioregionaldigital.com.br\/index.php?rest_route=\/wp\/v2\/posts\/105760","targetHints":{"allow":["GET"]}}],"collection":[{"href":"https:\/\/diarioregionaldigital.com.br\/index.php?rest_route=\/wp\/v2\/posts"}],"about":[{"href":"https:\/\/diarioregionaldigital.com.br\/index.php?rest_route=\/wp\/v2\/types\/post"}],"author":[{"embeddable":true,"href":"https:\/\/diarioregionaldigital.com.br\/index.php?rest_route=\/wp\/v2\/users\/96"}],"replies":[{"embeddable":true,"href":"https:\/\/diarioregionaldigital.com.br\/index.php?rest_route=%2Fwp%2Fv2%2Fcomments&post=105760"}],"version-history":[{"count":0,"href":"https:\/\/diarioregionaldigital.com.br\/index.php?rest_route=\/wp\/v2\/posts\/105760\/revisions"}],"wp:featuredmedia":[{"embeddable":true,"href":"https:\/\/diarioregionaldigital.com.br\/index.php?rest_route=\/wp\/v2\/media\/105764"}],"wp:attachment":[{"href":"https:\/\/diarioregionaldigital.com.br\/index.php?rest_route=%2Fwp%2Fv2%2Fmedia&parent=105760"}],"wp:term":[{"taxonomy":"category","embeddable":true,"href":"https:\/\/diarioregionaldigital.com.br\/index.php?rest_route=%2Fwp%2Fv2%2Fcategories&post=105760"},{"taxonomy":"post_tag","embeddable":true,"href":"https:\/\/diarioregionaldigital.com.br\/index.php?rest_route=%2Fwp%2Fv2%2Ftags&post=105760"}],"curies":[{"name":"wp","href":"https:\/\/api.w.org\/{rel}","templated":true}]}}