{"id":105757,"date":"2018-05-25T18:17:12","date_gmt":"2018-05-25T21:17:12","guid":{"rendered":"http:\/\/diarioregionaljf.com.br\/?p=105757"},"modified":"2018-05-25T18:18:21","modified_gmt":"2018-05-25T21:18:21","slug":"associacao-de-caminhoneiros-pede-fim-dos-bloqueios-nas-rodovias","status":"publish","type":"post","link":"https:\/\/diarioregionaldigital.com.br\/?p=105757","title":{"rendered":"Associa\u00e7\u00e3o de caminhoneiros pede fim dos bloqueios nas rodovias"},"content":{"rendered":"<p>A Associa\u00e7\u00e3o Brasileira de Caminhoneiros (Abcam) divulgou nota\u00a0nessa sexta-feira, 25, pedindo o fim dos bloqueios de rodovias e a manuten\u00e7\u00e3o de manifesta\u00e7\u00f5es pac\u00edficas. O comunicado foi uma rea\u00e7\u00e3o ao pronunciamento do presidente Michel Temer mais cedo, no qual informou que faria uso de for\u00e7as federais para desobstruir as vias interditadas pelo protesto dos caminhoneiros.<\/p>\n<p>\u201c\u00c9 lament\u00e1vel saber que mesmo ap\u00f3s tanto atraso, o presidente da Rep\u00fablica preferiu amea\u00e7ar os caminhoneiros por meio do uso das for\u00e7as de seguran\u00e7a ao inv\u00e9s de atender \u00e0s necessidades da categoria. Sendo assim, nos resta pedir a todos os companheiros que desobstruam as rodovias e respeitem o decreto presidencial\u201d, disse a nota da entidade.<\/p>\n<p>No texto, a associa\u00e7\u00e3o afirmou que os caminhoneiros j\u00e1 mostraram sua for\u00e7a e defendeu que a categoria siga mobilizada em defesa da retirada do PIS\/Cofins sobre o \u00f3leo diesel. A entidade tamb\u00e9m destaca que n\u00e3o fechou acordo com o governo e critica\u00a0o governo por\u00a0ter\u00a0demorado a dar uma resposta \u00e0s demandas apresentadas.\u00a0\u201cA culpa do caos que o pa\u00eds se encontra\u00a0hoje\u00a0\u00e9 reflexo de uma manifesta\u00e7\u00e3o tardia do presidente Michel Temer, que esperou cinco dias de paralisa\u00e7\u00f5es intensas da categoria. Estamos desde outubro do ano passado na expectativa de sermos ouvidos pelo governo. Emitimos novo alerta no dia\u00a014 de maio, uma semana antes de iniciarmos os protestos\u201d, informou o comunicado.<\/p>\n<p>&nbsp;<\/p>\n<p><strong>Falta de acordo<\/strong><\/p>\n<p>A Abcam n\u00e3o aceitou o acordo fechado\u00a0ontem\u00a0entre o governo federal e algumas entidades de representa\u00e7\u00e3o de caminhoneiros. A associa\u00e7\u00e3o reiterou que s\u00f3 aceitaria o fim das paralisa\u00e7\u00f5es caso houvesse publica\u00e7\u00e3o pelo Di\u00e1rio Oficial da san\u00e7\u00e3o presidencial de uma lei garantindo a retirada da incid\u00eancia de PIS\/Cofins sobre o diesel.<\/p>\n<p>&nbsp;<\/p>\n<p>Fonte: Ag\u00eancia Brasil<\/p>\n","protected":false},"excerpt":{"rendered":"<p>A Associa\u00e7\u00e3o Brasileira de Caminhoneiros (Abcam) divulgou nota\u00a0nessa sexta-feira, 25, pedindo o fim dos bloqueios de rodovias e a manuten\u00e7\u00e3o de manifesta\u00e7\u00f5es pac\u00edficas. O comunicado foi uma rea\u00e7\u00e3o ao pronunciamento do presidente Michel Temer mais cedo, no qual informou que faria uso de for\u00e7as federais para desobstruir as vias interditadas pelo protesto dos caminhoneiros. \u201c\u00c9 [&hellip;]<\/p>\n","protected":false},"author":96,"featured_media":105758,"comment_status":"closed","ping_status":"closed","sticky":false,"template":"","format":"standard","meta":{"footnotes":""},"categories":[302,439],"tags":[],"class_list":["post-105757","post","type-post","status-publish","format-standard","has-post-thumbnail","hentry","category-brasil-mundo","category-ultima-hora"],"_links":{"self":[{"href":"https:\/\/diarioregionaldigital.com.br\/index.php?rest_route=\/wp\/v2\/posts\/105757","targetHints":{"allow":["GET"]}}],"collection":[{"href":"https:\/\/diarioregionaldigital.com.br\/index.php?rest_route=\/wp\/v2\/posts"}],"about":[{"href":"https:\/\/diarioregionaldigital.com.br\/index.php?rest_route=\/wp\/v2\/types\/post"}],"author":[{"embeddable":true,"href":"https:\/\/diarioregionaldigital.com.br\/index.php?rest_route=\/wp\/v2\/users\/96"}],"replies":[{"embeddable":true,"href":"https:\/\/diarioregionaldigital.com.br\/index.php?rest_route=%2Fwp%2Fv2%2Fcomments&post=105757"}],"version-history":[{"count":0,"href":"https:\/\/diarioregionaldigital.com.br\/index.php?rest_route=\/wp\/v2\/posts\/105757\/revisions"}],"wp:featuredmedia":[{"embeddable":true,"href":"https:\/\/diarioregionaldigital.com.br\/index.php?rest_route=\/wp\/v2\/media\/105758"}],"wp:attachment":[{"href":"https:\/\/diarioregionaldigital.com.br\/index.php?rest_route=%2Fwp%2Fv2%2Fmedia&parent=105757"}],"wp:term":[{"taxonomy":"category","embeddable":true,"href":"https:\/\/diarioregionaldigital.com.br\/index.php?rest_route=%2Fwp%2Fv2%2Fcategories&post=105757"},{"taxonomy":"post_tag","embeddable":true,"href":"https:\/\/diarioregionaldigital.com.br\/index.php?rest_route=%2Fwp%2Fv2%2Ftags&post=105757"}],"curies":[{"name":"wp","href":"https:\/\/api.w.org\/{rel}","templated":true}]}}