{"id":105732,"date":"2018-05-25T16:55:38","date_gmt":"2018-05-25T19:55:38","guid":{"rendered":"http:\/\/diarioregionaljf.com.br\/?p=105732"},"modified":"2018-05-25T17:33:00","modified_gmt":"2018-05-25T20:33:00","slug":"pdt-e-pros-anunciam-apoio-a-pre-candidatura-de-marcio-lacerda","status":"publish","type":"post","link":"https:\/\/diarioregionaldigital.com.br\/?p=105732","title":{"rendered":"PDT e PROS anunciam apoio \u00e0 pr\u00e9-candidatura de Marcio Lacerda"},"content":{"rendered":"<p>O pr\u00e9-candidato do PSB ao governo de Minas, ex-prefeito de Belo Horizonte Marcio Lacerda, receber\u00e1 de forma oficial no pr\u00f3ximo dia 5 de junho o apoio do PDT e do PROS. As duas legendas anunciar\u00e3o sua presen\u00e7a na chapa que ser\u00e1 liderada por Marcio na disputa pelo Pal\u00e1cio da Liberdade. O PDT mineiro tem como presidente o deputado federal M\u00e1rio Heringer, enquanto o PROS \u00e9 presidido em Minas pelo tamb\u00e9m deputado federal Eros Biondini.<\/p>\n<p>O ex-prefeito da capital segue conversando com outros partidos e lideran\u00e7as com o objetivo de mobilizar os mineiros para a constru\u00e7\u00e3o de uma alian\u00e7a capaz de &#8220;salvar Minas Gerais&#8221;. De acordo com Marcio Lacerda, o lament\u00e1vel momento vivido pela economia mineira exige a implanta\u00e7\u00e3o de um novo projeto de desenvolvimento para o estado.<\/p>\n<p>&#8220;Minas Gerais vive hoje um cen\u00e1rio muito grave com uma profunda crise financeira e uma economia praticamente paralisada sem qualquer indicativo de crescimento. O pr\u00f3ximo governador precisar\u00e1 mobilizar n\u00e3o apenas os partidos e lideran\u00e7as, mas principalmente os mais diversos setores da popula\u00e7\u00e3o em um projeto comum de salva\u00e7\u00e3o de Minas Gerais. Essa tarefa ser\u00e1 de toda a sociedade&#8221;, concluiu Marcio.<\/p>\n<p>&nbsp;<\/p>\n<p>Fonte: Assessoria<\/p>\n","protected":false},"excerpt":{"rendered":"<p>O pr\u00e9-candidato do PSB ao governo de Minas, ex-prefeito de Belo Horizonte Marcio Lacerda, receber\u00e1 de forma oficial no pr\u00f3ximo dia 5 de junho o apoio do PDT e do PROS. As duas legendas anunciar\u00e3o sua presen\u00e7a na chapa que ser\u00e1 liderada por Marcio na disputa pelo Pal\u00e1cio da Liberdade. O PDT mineiro tem como [&hellip;]<\/p>\n","protected":false},"author":96,"featured_media":105734,"comment_status":"closed","ping_status":"closed","sticky":false,"template":"","format":"standard","meta":{"footnotes":""},"categories":[436,254,439],"tags":[],"class_list":["post-105732","post","type-post","status-publish","format-standard","has-post-thumbnail","hentry","category-destaque-da-semana","category-politica","category-ultima-hora"],"_links":{"self":[{"href":"https:\/\/diarioregionaldigital.com.br\/index.php?rest_route=\/wp\/v2\/posts\/105732","targetHints":{"allow":["GET"]}}],"collection":[{"href":"https:\/\/diarioregionaldigital.com.br\/index.php?rest_route=\/wp\/v2\/posts"}],"about":[{"href":"https:\/\/diarioregionaldigital.com.br\/index.php?rest_route=\/wp\/v2\/types\/post"}],"author":[{"embeddable":true,"href":"https:\/\/diarioregionaldigital.com.br\/index.php?rest_route=\/wp\/v2\/users\/96"}],"replies":[{"embeddable":true,"href":"https:\/\/diarioregionaldigital.com.br\/index.php?rest_route=%2Fwp%2Fv2%2Fcomments&post=105732"}],"version-history":[{"count":0,"href":"https:\/\/diarioregionaldigital.com.br\/index.php?rest_route=\/wp\/v2\/posts\/105732\/revisions"}],"wp:featuredmedia":[{"embeddable":true,"href":"https:\/\/diarioregionaldigital.com.br\/index.php?rest_route=\/wp\/v2\/media\/105734"}],"wp:attachment":[{"href":"https:\/\/diarioregionaldigital.com.br\/index.php?rest_route=%2Fwp%2Fv2%2Fmedia&parent=105732"}],"wp:term":[{"taxonomy":"category","embeddable":true,"href":"https:\/\/diarioregionaldigital.com.br\/index.php?rest_route=%2Fwp%2Fv2%2Fcategories&post=105732"},{"taxonomy":"post_tag","embeddable":true,"href":"https:\/\/diarioregionaldigital.com.br\/index.php?rest_route=%2Fwp%2Fv2%2Ftags&post=105732"}],"curies":[{"name":"wp","href":"https:\/\/api.w.org\/{rel}","templated":true}]}}