{"id":105726,"date":"2018-05-25T16:24:04","date_gmt":"2018-05-25T19:24:04","guid":{"rendered":"http:\/\/diarioregionaljf.com.br\/?p=105726"},"modified":"2018-05-25T16:24:04","modified_gmt":"2018-05-25T19:24:04","slug":"servicos-da-camara-funcionarao-normalmente-na-segunda-feira","status":"publish","type":"post","link":"https:\/\/diarioregionaldigital.com.br\/?p=105726","title":{"rendered":"Servi\u00e7os da C\u00e2mara funcionar\u00e3o normalmente na segunda-feira"},"content":{"rendered":"<p>A C\u00e2mara Municipal informa que todos os servi\u00e7os disponibilizados pela institui\u00e7\u00e3o funcionar\u00e3o normalmente na pr\u00f3xima segunda-feira, 28, das 8h \u00e0s 18h, mesmo diante da not\u00edcia de que, neste dia, os \u00f4nibus municipais funcionar\u00e3o na escala de domingo. A reuni\u00e3o ordin\u00e1ria e a audi\u00eancia p\u00fablica agendadas para esta data est\u00e3o mantidas. J\u00e1 o funcionamento dos gabinetes ficar\u00e1 a crit\u00e9rio de cada vereador.<\/p>\n<p>Os servidores da Casa ir\u00e3o trabalhar em um regime de escala especial, levando em conta os hor\u00e1rios dos \u00f4nibus, de forma a minimizar os transtornos para todos e impedir a interrup\u00e7\u00e3o dos servi\u00e7os ofertados \u00e0 popula\u00e7\u00e3o.<\/p>\n<p>O servi\u00e7o de emiss\u00e3o de carteiras de identidade est\u00e1 suspenso desde o dia 23 para manuten\u00e7\u00e3o do sistema, sem qualquer rela\u00e7\u00e3o com a greve dos caminhoneiros. A previs\u00e3o de retorno \u00e9 no dia 4 de junho, segundo informa\u00e7\u00f5es da Diretoria de Inform\u00e1tica da Pol\u00edcia Civil do Estado de Minas Gerais.<\/p>\n<p>&nbsp;<\/p>\n<p>Fonte: Assessoria<\/p>\n","protected":false},"excerpt":{"rendered":"<p>A C\u00e2mara Municipal informa que todos os servi\u00e7os disponibilizados pela institui\u00e7\u00e3o funcionar\u00e3o normalmente na pr\u00f3xima segunda-feira, 28, das 8h \u00e0s 18h, mesmo diante da not\u00edcia de que, neste dia, os \u00f4nibus municipais funcionar\u00e3o na escala de domingo. A reuni\u00e3o ordin\u00e1ria e a audi\u00eancia p\u00fablica agendadas para esta data est\u00e3o mantidas. J\u00e1 o funcionamento dos gabinetes [&hellip;]<\/p>\n","protected":false},"author":96,"featured_media":105727,"comment_status":"closed","ping_status":"closed","sticky":false,"template":"","format":"standard","meta":{"footnotes":""},"categories":[253,440,439],"tags":[],"class_list":["post-105726","post","type-post","status-publish","format-standard","has-post-thumbnail","hentry","category-cidade","category-destaques-do-dia","category-ultima-hora"],"_links":{"self":[{"href":"https:\/\/diarioregionaldigital.com.br\/index.php?rest_route=\/wp\/v2\/posts\/105726","targetHints":{"allow":["GET"]}}],"collection":[{"href":"https:\/\/diarioregionaldigital.com.br\/index.php?rest_route=\/wp\/v2\/posts"}],"about":[{"href":"https:\/\/diarioregionaldigital.com.br\/index.php?rest_route=\/wp\/v2\/types\/post"}],"author":[{"embeddable":true,"href":"https:\/\/diarioregionaldigital.com.br\/index.php?rest_route=\/wp\/v2\/users\/96"}],"replies":[{"embeddable":true,"href":"https:\/\/diarioregionaldigital.com.br\/index.php?rest_route=%2Fwp%2Fv2%2Fcomments&post=105726"}],"version-history":[{"count":0,"href":"https:\/\/diarioregionaldigital.com.br\/index.php?rest_route=\/wp\/v2\/posts\/105726\/revisions"}],"wp:featuredmedia":[{"embeddable":true,"href":"https:\/\/diarioregionaldigital.com.br\/index.php?rest_route=\/wp\/v2\/media\/105727"}],"wp:attachment":[{"href":"https:\/\/diarioregionaldigital.com.br\/index.php?rest_route=%2Fwp%2Fv2%2Fmedia&parent=105726"}],"wp:term":[{"taxonomy":"category","embeddable":true,"href":"https:\/\/diarioregionaldigital.com.br\/index.php?rest_route=%2Fwp%2Fv2%2Fcategories&post=105726"},{"taxonomy":"post_tag","embeddable":true,"href":"https:\/\/diarioregionaldigital.com.br\/index.php?rest_route=%2Fwp%2Fv2%2Ftags&post=105726"}],"curies":[{"name":"wp","href":"https:\/\/api.w.org\/{rel}","templated":true}]}}