{"id":105721,"date":"2018-05-25T16:09:48","date_gmt":"2018-05-25T19:09:48","guid":{"rendered":"http:\/\/diarioregionaljf.com.br\/?p=105721"},"modified":"2018-05-25T17:33:12","modified_gmt":"2018-05-25T20:33:12","slug":"settra-altera-transito-da-regiao-central-e-da-cidade-alta-neste-domingo","status":"publish","type":"post","link":"https:\/\/diarioregionaldigital.com.br\/?p=105721","title":{"rendered":"Settra altera tr\u00e2nsito da regi\u00e3o central e da cidade alta neste domingo"},"content":{"rendered":"<p>Neste domingo, 27, a Secretaria de Transporte e Tr\u00e2nsito (Settra) da Prefeitura de Juiz de Fora (PJF) far\u00e1 interven\u00e7\u00f5es no tr\u00e2nsito das regi\u00f5es central, para mais uma edi\u00e7\u00e3o do \u201cBem Comum Lazer\u201d, e na cidade Alta, para a \u201cCorrida e Caminhada do Circuito Cervejeiro\u201d. Das 6h \u00e0s 13h, a pista central da Avenida Rio Branco, no trecho entre a Rua Doutor Romualdo e Avenida Doutor Jos\u00e9 Proc\u00f3pio Teixeira, ficar\u00e1 interditada para o tr\u00e2nsito de ve\u00edculos.<\/p>\n<p>Os \u00f4nibus que circulam no sentido bairros Manoel Hon\u00f3rio\/Bom Pastor deixar\u00e3o a faixa central no cruzamento com Avenida Presidente Itamar Franco, utilizando a lateral. No sentido inverso, retornar\u00e3o \u00e0 pista central no cruzamento com a Rua Doutor Romualdo. Os pontos de parada na pista lateral ser\u00e3o em frente aos atuais da pista central.<\/p>\n<p><b>\u201cCorrida e Caminhada do Circuito Cervejeiro\u201d<\/b><br \/>\nTodo o trajeto do circuito de 5km ser\u00e1 interditado parcialmente. A largada ser\u00e1 \u00e0s 9h, na Rua Ot\u00edlia de Souza Leal, e seguir\u00e1 pelas ruas Ant\u00f4nio Teixeira de Carvalho, das Violetas, dos Pinheirais, das Hort\u00eansias e das Margaridas, retornando pelas ruas dos Pinheirais, das Violetas e Coronel Ant\u00f4nio Teixeira. O acesso aos moradores de toda a \u00e1rea interditada ser\u00e1 permitido, conforme avalia\u00e7\u00e3o da autoridade de tr\u00e2nsito.<\/p>\n<p>&nbsp;<\/p>\n<p>Fonte: Assessoria<\/p>\n","protected":false},"excerpt":{"rendered":"<p>Neste domingo, 27, a Secretaria de Transporte e Tr\u00e2nsito (Settra) da Prefeitura de Juiz de Fora (PJF) far\u00e1 interven\u00e7\u00f5es no tr\u00e2nsito das regi\u00f5es central, para mais uma edi\u00e7\u00e3o do \u201cBem Comum Lazer\u201d, e na cidade Alta, para a \u201cCorrida e Caminhada do Circuito Cervejeiro\u201d. Das 6h \u00e0s 13h, a pista central da Avenida Rio Branco, [&hellip;]<\/p>\n","protected":false},"author":96,"featured_media":105098,"comment_status":"closed","ping_status":"closed","sticky":false,"template":"","format":"standard","meta":{"footnotes":""},"categories":[253,439],"tags":[],"class_list":["post-105721","post","type-post","status-publish","format-standard","has-post-thumbnail","hentry","category-cidade","category-ultima-hora"],"_links":{"self":[{"href":"https:\/\/diarioregionaldigital.com.br\/index.php?rest_route=\/wp\/v2\/posts\/105721","targetHints":{"allow":["GET"]}}],"collection":[{"href":"https:\/\/diarioregionaldigital.com.br\/index.php?rest_route=\/wp\/v2\/posts"}],"about":[{"href":"https:\/\/diarioregionaldigital.com.br\/index.php?rest_route=\/wp\/v2\/types\/post"}],"author":[{"embeddable":true,"href":"https:\/\/diarioregionaldigital.com.br\/index.php?rest_route=\/wp\/v2\/users\/96"}],"replies":[{"embeddable":true,"href":"https:\/\/diarioregionaldigital.com.br\/index.php?rest_route=%2Fwp%2Fv2%2Fcomments&post=105721"}],"version-history":[{"count":0,"href":"https:\/\/diarioregionaldigital.com.br\/index.php?rest_route=\/wp\/v2\/posts\/105721\/revisions"}],"wp:featuredmedia":[{"embeddable":true,"href":"https:\/\/diarioregionaldigital.com.br\/index.php?rest_route=\/wp\/v2\/media\/105098"}],"wp:attachment":[{"href":"https:\/\/diarioregionaldigital.com.br\/index.php?rest_route=%2Fwp%2Fv2%2Fmedia&parent=105721"}],"wp:term":[{"taxonomy":"category","embeddable":true,"href":"https:\/\/diarioregionaldigital.com.br\/index.php?rest_route=%2Fwp%2Fv2%2Fcategories&post=105721"},{"taxonomy":"post_tag","embeddable":true,"href":"https:\/\/diarioregionaldigital.com.br\/index.php?rest_route=%2Fwp%2Fv2%2Ftags&post=105721"}],"curies":[{"name":"wp","href":"https:\/\/api.w.org\/{rel}","templated":true}]}}