{"id":105717,"date":"2018-05-25T15:44:46","date_gmt":"2018-05-25T18:44:46","guid":{"rendered":"http:\/\/diarioregionaljf.com.br\/?p=105717"},"modified":"2018-05-25T15:44:46","modified_gmt":"2018-05-25T18:44:46","slug":"paulo-autuori-deve-deixar-ao-futebol-do-fluminense-e-o-flamengo-ja-esta-de-olho","status":"publish","type":"post","link":"https:\/\/diarioregionaldigital.com.br\/?p=105717","title":{"rendered":"Paulo Autuori deve deixar ao futebol do Fluminense e o Flamengo j\u00e1 est\u00e1 de olho"},"content":{"rendered":"<p>O Flamengo j\u00e1 escolheu o nome para investir para a assumir o cargo de gerente de<br \/>\nfutebol, vago desde a sa\u00edda de Mozer, Paulo Autuori, atualmente diretor de futebol do<br \/>\nFluminense, mas que deve anunciar ainda nos pr\u00f3ximos dias seu desligamento do<br \/>\nTricolor por quest\u00f5es pol\u00edticas.<br \/>\nAssim sendo, at\u00e9 chapas contrarias ao presidente Eduardo Bandeira de Mello j\u00e1<br \/>\nchegaram a ser consultadas e o nome de Autuori \u00e9 visto como unanime. De qualquer<br \/>\nmaneira, ele tamb\u00e9m ainda n\u00e3o definiu, em caso de desligamento do Fluminense, se<\/p>\n<p>segue como dirigente ou se retorna ao cargo de treinador, no qual j\u00e1 teria propostas de<br \/>\nfora do Brasil.<\/p>\n","protected":false},"excerpt":{"rendered":"<p>O Flamengo j\u00e1 escolheu o nome para investir para a assumir o cargo de gerente de futebol, vago desde a sa\u00edda de Mozer, Paulo Autuori, atualmente diretor de futebol do Fluminense, mas que deve anunciar ainda nos pr\u00f3ximos dias seu desligamento do Tricolor por quest\u00f5es pol\u00edticas. Assim sendo, at\u00e9 chapas contrarias ao presidente Eduardo Bandeira [&hellip;]<\/p>\n","protected":false},"author":96,"featured_media":105719,"comment_status":"closed","ping_status":"closed","sticky":false,"template":"","format":"standard","meta":{"footnotes":""},"categories":[257,439],"tags":[],"class_list":["post-105717","post","type-post","status-publish","format-standard","has-post-thumbnail","hentry","category-esporte","category-ultima-hora"],"_links":{"self":[{"href":"https:\/\/diarioregionaldigital.com.br\/index.php?rest_route=\/wp\/v2\/posts\/105717","targetHints":{"allow":["GET"]}}],"collection":[{"href":"https:\/\/diarioregionaldigital.com.br\/index.php?rest_route=\/wp\/v2\/posts"}],"about":[{"href":"https:\/\/diarioregionaldigital.com.br\/index.php?rest_route=\/wp\/v2\/types\/post"}],"author":[{"embeddable":true,"href":"https:\/\/diarioregionaldigital.com.br\/index.php?rest_route=\/wp\/v2\/users\/96"}],"replies":[{"embeddable":true,"href":"https:\/\/diarioregionaldigital.com.br\/index.php?rest_route=%2Fwp%2Fv2%2Fcomments&post=105717"}],"version-history":[{"count":0,"href":"https:\/\/diarioregionaldigital.com.br\/index.php?rest_route=\/wp\/v2\/posts\/105717\/revisions"}],"wp:featuredmedia":[{"embeddable":true,"href":"https:\/\/diarioregionaldigital.com.br\/index.php?rest_route=\/wp\/v2\/media\/105719"}],"wp:attachment":[{"href":"https:\/\/diarioregionaldigital.com.br\/index.php?rest_route=%2Fwp%2Fv2%2Fmedia&parent=105717"}],"wp:term":[{"taxonomy":"category","embeddable":true,"href":"https:\/\/diarioregionaldigital.com.br\/index.php?rest_route=%2Fwp%2Fv2%2Fcategories&post=105717"},{"taxonomy":"post_tag","embeddable":true,"href":"https:\/\/diarioregionaldigital.com.br\/index.php?rest_route=%2Fwp%2Fv2%2Ftags&post=105717"}],"curies":[{"name":"wp","href":"https:\/\/api.w.org\/{rel}","templated":true}]}}