{"id":105706,"date":"2018-05-25T15:15:24","date_gmt":"2018-05-25T18:15:24","guid":{"rendered":"http:\/\/diarioregionaljf.com.br\/?p=105706"},"modified":"2018-05-25T15:15:24","modified_gmt":"2018-05-25T18:15:24","slug":"tite-comanda-primeiro-treino-com-bola-e-zagallo-visita-selecao-na-granja-comary","status":"publish","type":"post","link":"https:\/\/diarioregionaldigital.com.br\/?p=105706","title":{"rendered":"Tite comanda primeiro treino com bola e Zagallo visita Sele\u00e7\u00e3o na Granja Comary"},"content":{"rendered":"<p>Antes de estrear como t\u00e9cnico da Sele\u00e7\u00e3o Brasileira, Tite fez quest\u00e3o de pedir conselhos<br \/>\n\u00e0quele que det\u00e9m a maior bagagem quando o assunto \u00e9 a Amarelinha e, principalmente,<br \/>\na Copa do Mundo: Mario Jorge Lobo Zagallo. Naquele 23 de agosto de 2016, o Brasil<br \/>\nainda n\u00e3o estava classificado para o Mundial, e Tite tinha divulgado recentemente a sua<br \/>\nprimeira lista de convocados. O encontro na casa do Velho Lobo foi inspirador.<br \/>\nMarcou um dos primeiros passos de uma trajet\u00f3ria que garantiria a Sele\u00e7\u00e3o em mais<br \/>\numa Copa do Mundo.<br \/>\nAgora foi a vez de o mestre retribuir o carinho. Com sete participa\u00e7\u00f5es em Copa do<br \/>\nMundo, duas como jogador e cinco como treinador, Zagallo, 86 anos, esteve na Granja<br \/>\nComary, na manh\u00e3 desta quinta-feira, 24. Ele foi recebido na porta do hotel da<br \/>\ndelega\u00e7\u00e3o pelo t\u00e9cnico Tite e o coordenador de Sele\u00e7\u00f5es da CBF Edu Gaspar, com os<br \/>\nolhares de admira\u00e7\u00e3o dos membros da comiss\u00e3o t\u00e9cnica. Entre eles, o preparador de<br \/>\ngoleiros Taffarel, que deu um abra\u00e7o no seu comandante das Copas de 94 e 98.<\/p>\n<p>Enquanto caminhava at\u00e9 a sala de reuni\u00f5es, Zagallo era reverenciado por funcion\u00e1rios e<br \/>\nintegrantes da delega\u00e7\u00e3o. Cheio de vitalidade e com a mem\u00f3ria em dia, Zagallo se<br \/>\nreuniu com Tite, Edu e a comiss\u00e3o t\u00e9cnica por cerca de duas horas. Na pauta: debates<br \/>\nt\u00e1ticos, in\u00fameras hist\u00f3rias de bastidores e muitos elogios m\u00fatuos. Um encontro de<br \/>\nmestres, cada um em seu tempo, compartilhando as virtudes e os percal\u00e7os de serem<br \/>\naficionados pelo conhecimento e pelas vit\u00f3rias.<br \/>\n\u2013 Eu estou muito satisfeito de estar aqui perto de voc\u00eas. O trabalho do Tite nos traz mais<br \/>\nfor\u00e7a e confian\u00e7a, \u00e9 perfeito. Ele tem muita capacidade. \u00c9 uma pessoa sensacional. A<br \/>\nSele\u00e7\u00e3o n\u00e3o poderia ter outro t\u00e9cnico \u2013 elogiou Zagallo em suas primeiras palavras<br \/>\ndiante da comiss\u00e3o.<br \/>\n.<br \/>\nO t\u00e9cnico Tite o agradeceu Zagallo pela visita ao grupo \u00e0s v\u00e9speras do embarque para a<br \/>\ndisputa da Copa do Mundo, competi\u00e7\u00e3o que ningu\u00e9m tem mais conhecimento do que o<br \/>\nhomem do n\u00famero 13.<br \/>\nO t\u00e9cnico Tite comandou o primeiro treinamento com bola no gramado da Granja<br \/>\nComary durante a tarde desta quinta-feira. Sem o lateral direito Fagner e o atacante<br \/>\nDouglas Costa, em recupera\u00e7\u00e3o de les\u00f5es, o comandante j\u00e1 dividiu dois times e<br \/>\nproporcionou a Neymar a primeira chance de atuar com os companheiros desde sua<br \/>\nles\u00e3o, sofrida em 25 de fevereiro.<br \/>\nO time de colete jogou com Danilo, Miranda, Marquinhos e Filipe Lu\u00eds; Fernandinho,<br \/>\nFred e Lucas Santos (Vasco); Neymar, Willian e Gabriel Jesus. J\u00e1 a equipe sem colete<br \/>\natuou com Vitinho (Cruzeiro), Thiago Silva, Geromel e Weverson (S\u00e3o Paulo); Vit\u00e3o<br \/>\n(Palmeiras), Paulinho e Renato Augusto; Taison, Coutinho e Brenner (S\u00e3o Paulo).<br \/>\nFonte: CBF<\/p>\n","protected":false},"excerpt":{"rendered":"<p>Antes de estrear como t\u00e9cnico da Sele\u00e7\u00e3o Brasileira, Tite fez quest\u00e3o de pedir conselhos \u00e0quele que det\u00e9m a maior bagagem quando o assunto \u00e9 a Amarelinha e, principalmente, a Copa do Mundo: Mario Jorge Lobo Zagallo. Naquele 23 de agosto de 2016, o Brasil ainda n\u00e3o estava classificado para o Mundial, e Tite tinha divulgado [&hellip;]<\/p>\n","protected":false},"author":96,"featured_media":105707,"comment_status":"closed","ping_status":"closed","sticky":false,"template":"","format":"standard","meta":{"footnotes":""},"categories":[257,439],"tags":[],"class_list":["post-105706","post","type-post","status-publish","format-standard","has-post-thumbnail","hentry","category-esporte","category-ultima-hora"],"_links":{"self":[{"href":"https:\/\/diarioregionaldigital.com.br\/index.php?rest_route=\/wp\/v2\/posts\/105706","targetHints":{"allow":["GET"]}}],"collection":[{"href":"https:\/\/diarioregionaldigital.com.br\/index.php?rest_route=\/wp\/v2\/posts"}],"about":[{"href":"https:\/\/diarioregionaldigital.com.br\/index.php?rest_route=\/wp\/v2\/types\/post"}],"author":[{"embeddable":true,"href":"https:\/\/diarioregionaldigital.com.br\/index.php?rest_route=\/wp\/v2\/users\/96"}],"replies":[{"embeddable":true,"href":"https:\/\/diarioregionaldigital.com.br\/index.php?rest_route=%2Fwp%2Fv2%2Fcomments&post=105706"}],"version-history":[{"count":0,"href":"https:\/\/diarioregionaldigital.com.br\/index.php?rest_route=\/wp\/v2\/posts\/105706\/revisions"}],"wp:featuredmedia":[{"embeddable":true,"href":"https:\/\/diarioregionaldigital.com.br\/index.php?rest_route=\/wp\/v2\/media\/105707"}],"wp:attachment":[{"href":"https:\/\/diarioregionaldigital.com.br\/index.php?rest_route=%2Fwp%2Fv2%2Fmedia&parent=105706"}],"wp:term":[{"taxonomy":"category","embeddable":true,"href":"https:\/\/diarioregionaldigital.com.br\/index.php?rest_route=%2Fwp%2Fv2%2Fcategories&post=105706"},{"taxonomy":"post_tag","embeddable":true,"href":"https:\/\/diarioregionaldigital.com.br\/index.php?rest_route=%2Fwp%2Fv2%2Ftags&post=105706"}],"curies":[{"name":"wp","href":"https:\/\/api.w.org\/{rel}","templated":true}]}}