{"id":105702,"date":"2018-05-25T13:40:29","date_gmt":"2018-05-25T16:40:29","guid":{"rendered":"http:\/\/diarioregionaljf.com.br\/?p=105702"},"modified":"2018-05-25T13:40:29","modified_gmt":"2018-05-25T16:40:29","slug":"temer-autoriza-uso-de-forcas-federais-para-desbloquear-rodovias","status":"publish","type":"post","link":"https:\/\/diarioregionaldigital.com.br\/?p=105702","title":{"rendered":"Temer autoriza uso de for\u00e7as federais para desbloquear rodovias"},"content":{"rendered":"<p>O governo federal autorizou\u00a0o uso de for\u00e7as federais de seguran\u00e7a para liberar as rodovias bloqueadas pelos caminhoneiros caso as estradas\u00a0n\u00e3o sejam desbloqueadas pelo movimento. O an\u00fancio foi feito h\u00e1 pouco pelo presidente Michel Temer, em pronunciamento no Pal\u00e1cio do Planalto. A decis\u00e3o foi tomada ap\u00f3s\u00a0reuni\u00e3o\u00a0no Gabinete de Seguran\u00e7a Institucional (GSI), que contou com a participa\u00e7\u00e3o de ministros e do presidente.<\/p>\n<p>&#8220;Quero anunciar um plano de seguran\u00e7a imeadiato para acionar\u00a0as for\u00e7as federais de seguran\u00e7a para desbloquear as estradas e estou solicitando aos governadores que fa\u00e7am o mesmo. N\u00e3o vamos permitir que a popula\u00e7\u00e3o fiquem sem\u00a0os g\u00eaneros de primeira necessidade, que os hospitais fiquem sem insumos para salvar vidas e crian\u00e7as fiquem sem escolas. Quem bloqueia estradas de maneira radical ser\u00e1 responsabilizado. O governo teve a coragem de dialogar, agora\u00a0ter\u00e1 coragem de usar sua autoridade em defesa do povo brasileiro.&#8221;<\/p>\n<p>Ontem\u00a0(24), os ministros Eliseu Padilha (Casa Civil), Eduardo Guardia (Fazenda) e Carlos Marun (Secretaria de Governo) anunciaram\u00a0acordo\u00a0para suspens\u00e3o dos protestos da categoria por 15 dias, quando as partes voltar\u00e3o a se reunir.<\/p>\n<p>Hoje\u00a0(25), no entanto, a Pol\u00edcia Rodovi\u00e1ria Federal (PRF) informou que ainda\u00a0n\u00e3o registra desmobiliza\u00e7\u00e3o\u00a0de pontos de manifesta\u00e7\u00e3o de caminhoneiros nas rodovias do pa\u00eds. O ministro Eliseu Padilha\u00a0disse tamb\u00e9m nesta\u00a0sexta-feira que o governo confia no cumprimento do acordo firmado\u00a0ontem\u00a0com as lideran\u00e7as do movimento.<\/p>\n<p>A decis\u00e3o de suspender a paralisa\u00e7\u00e3o, por\u00e9m, n\u00e3o \u00e9 un\u00e2nime. Das 11 entidades do setor de transporte, em sua maioria caminhoneiros, que participaram do encontro, duas delas, a Uni\u00e3o Nacional dos Caminhoneiros (Unicam) e a Associa\u00e7\u00e3o Brasileira dos Caminhoneiros (Abcam), que representa 700 mil trabalhadores, recusaram a proposta.<\/p>\n<p>Hoje\u00a0a Abcam divulgou nota na qual afirma que, ao contr\u00e1rio de outras entidades, &#8220;que se dizem representantes da categoria, a Abcam, n\u00e3o trair\u00e1 os caminhoneiros&#8221;. &#8220;Continuaremos firmes com pedido inicial: isen\u00e7\u00e3o da al\u00edquota PIS\/Cofins sobre o diesel, publicada no Di\u00e1rio Oficial da Uni\u00e3o&#8221;, diz o texto.<\/p>\n<p>Fonte: Ag\u00eancia Brasil<\/p>\n","protected":false},"excerpt":{"rendered":"<p>O governo federal autorizou\u00a0o uso de for\u00e7as federais de seguran\u00e7a para liberar as rodovias bloqueadas pelos caminhoneiros caso as estradas\u00a0n\u00e3o sejam desbloqueadas pelo movimento. O an\u00fancio foi feito h\u00e1 pouco pelo presidente Michel Temer, em pronunciamento no Pal\u00e1cio do Planalto. A decis\u00e3o foi tomada ap\u00f3s\u00a0reuni\u00e3o\u00a0no Gabinete de Seguran\u00e7a Institucional (GSI), que contou com a participa\u00e7\u00e3o [&hellip;]<\/p>\n","protected":false},"author":96,"featured_media":105703,"comment_status":"closed","ping_status":"closed","sticky":false,"template":"","format":"standard","meta":{"footnotes":""},"categories":[302,436,440,439],"tags":[],"class_list":["post-105702","post","type-post","status-publish","format-standard","has-post-thumbnail","hentry","category-brasil-mundo","category-destaque-da-semana","category-destaques-do-dia","category-ultima-hora"],"_links":{"self":[{"href":"https:\/\/diarioregionaldigital.com.br\/index.php?rest_route=\/wp\/v2\/posts\/105702","targetHints":{"allow":["GET"]}}],"collection":[{"href":"https:\/\/diarioregionaldigital.com.br\/index.php?rest_route=\/wp\/v2\/posts"}],"about":[{"href":"https:\/\/diarioregionaldigital.com.br\/index.php?rest_route=\/wp\/v2\/types\/post"}],"author":[{"embeddable":true,"href":"https:\/\/diarioregionaldigital.com.br\/index.php?rest_route=\/wp\/v2\/users\/96"}],"replies":[{"embeddable":true,"href":"https:\/\/diarioregionaldigital.com.br\/index.php?rest_route=%2Fwp%2Fv2%2Fcomments&post=105702"}],"version-history":[{"count":0,"href":"https:\/\/diarioregionaldigital.com.br\/index.php?rest_route=\/wp\/v2\/posts\/105702\/revisions"}],"wp:featuredmedia":[{"embeddable":true,"href":"https:\/\/diarioregionaldigital.com.br\/index.php?rest_route=\/wp\/v2\/media\/105703"}],"wp:attachment":[{"href":"https:\/\/diarioregionaldigital.com.br\/index.php?rest_route=%2Fwp%2Fv2%2Fmedia&parent=105702"}],"wp:term":[{"taxonomy":"category","embeddable":true,"href":"https:\/\/diarioregionaldigital.com.br\/index.php?rest_route=%2Fwp%2Fv2%2Fcategories&post=105702"},{"taxonomy":"post_tag","embeddable":true,"href":"https:\/\/diarioregionaldigital.com.br\/index.php?rest_route=%2Fwp%2Fv2%2Ftags&post=105702"}],"curies":[{"name":"wp","href":"https:\/\/api.w.org\/{rel}","templated":true}]}}