{"id":105699,"date":"2018-05-25T13:35:33","date_gmt":"2018-05-25T16:35:33","guid":{"rendered":"http:\/\/diarioregionaljf.com.br\/?p=105699"},"modified":"2018-05-25T13:35:53","modified_gmt":"2018-05-25T16:35:53","slug":"falta-de-combustivel-pode-afetar-abastecimento-de-caixas-eletronicos","status":"publish","type":"post","link":"https:\/\/diarioregionaldigital.com.br\/?p=105699","title":{"rendered":"Falta de combust\u00edvel pode afetar abastecimento de caixas eletr\u00f4nicos"},"content":{"rendered":"<p>O estoque de combust\u00edvel dos fornecedores que atendem \u00e0s transportadoras de valores duram at\u00e9\u00a0domingo, 27, segundo a TecBan, empresa que administra a Rede Banco24Horas de caixas eletr\u00f4nicos. Segundo a empresa, h\u00e1 risco de desabastecimento de caixas eletr\u00f4nicos por causa da greve dos caminhoneiros se faltar combust\u00edvel para os carros-fortes.<\/p>\n<p>\u201cO fechamento das estradas nos protestos tem menor impacto na circula\u00e7\u00e3o do dinheiro, pois os carros-fortes est\u00e3o sendo autorizados pelos manifestantes a passar pelos pontos de bloqueio. O congestionamento, no entanto, pode prejudicar o abastecimento\u201d, informou a Tecban, em nota.<\/p>\n<p>Mesmo ap\u00f3s o\u00a0an\u00fancio de acordo\u00a0com o governo nessa\u00a0quinta-feira, 24, caminhoneiros mant\u00eam pontos de manifesta\u00e7\u00e3o em diversas partes do pa\u00eds. O acordo prev\u00ea a suspens\u00e3o da paralisa\u00e7\u00e3o por 15 dias. Mas a Pol\u00edcia Rodovi\u00e1ria Federal (PRF) informou que ainda n\u00e3o registra desmobiliza\u00e7\u00e3o.<\/p>\n<p>Fonte: Ag\u00eancia Brasil<\/p>\n","protected":false},"excerpt":{"rendered":"<p>O estoque de combust\u00edvel dos fornecedores que atendem \u00e0s transportadoras de valores duram at\u00e9\u00a0domingo, 27, segundo a TecBan, empresa que administra a Rede Banco24Horas de caixas eletr\u00f4nicos. Segundo a empresa, h\u00e1 risco de desabastecimento de caixas eletr\u00f4nicos por causa da greve dos caminhoneiros se faltar combust\u00edvel para os carros-fortes. \u201cO fechamento das estradas nos protestos [&hellip;]<\/p>\n","protected":false},"author":96,"featured_media":105700,"comment_status":"closed","ping_status":"closed","sticky":false,"template":"","format":"standard","meta":{"footnotes":""},"categories":[436,261,439],"tags":[],"class_list":["post-105699","post","type-post","status-publish","format-standard","has-post-thumbnail","hentry","category-destaque-da-semana","category-economia","category-ultima-hora"],"_links":{"self":[{"href":"https:\/\/diarioregionaldigital.com.br\/index.php?rest_route=\/wp\/v2\/posts\/105699","targetHints":{"allow":["GET"]}}],"collection":[{"href":"https:\/\/diarioregionaldigital.com.br\/index.php?rest_route=\/wp\/v2\/posts"}],"about":[{"href":"https:\/\/diarioregionaldigital.com.br\/index.php?rest_route=\/wp\/v2\/types\/post"}],"author":[{"embeddable":true,"href":"https:\/\/diarioregionaldigital.com.br\/index.php?rest_route=\/wp\/v2\/users\/96"}],"replies":[{"embeddable":true,"href":"https:\/\/diarioregionaldigital.com.br\/index.php?rest_route=%2Fwp%2Fv2%2Fcomments&post=105699"}],"version-history":[{"count":0,"href":"https:\/\/diarioregionaldigital.com.br\/index.php?rest_route=\/wp\/v2\/posts\/105699\/revisions"}],"wp:featuredmedia":[{"embeddable":true,"href":"https:\/\/diarioregionaldigital.com.br\/index.php?rest_route=\/wp\/v2\/media\/105700"}],"wp:attachment":[{"href":"https:\/\/diarioregionaldigital.com.br\/index.php?rest_route=%2Fwp%2Fv2%2Fmedia&parent=105699"}],"wp:term":[{"taxonomy":"category","embeddable":true,"href":"https:\/\/diarioregionaldigital.com.br\/index.php?rest_route=%2Fwp%2Fv2%2Fcategories&post=105699"},{"taxonomy":"post_tag","embeddable":true,"href":"https:\/\/diarioregionaldigital.com.br\/index.php?rest_route=%2Fwp%2Fv2%2Ftags&post=105699"}],"curies":[{"name":"wp","href":"https:\/\/api.w.org\/{rel}","templated":true}]}}