{"id":105694,"date":"2018-05-25T13:02:49","date_gmt":"2018-05-25T16:02:49","guid":{"rendered":"http:\/\/diarioregionaljf.com.br\/?p=105694"},"modified":"2018-05-25T13:08:06","modified_gmt":"2018-05-25T16:08:06","slug":"fornecedoras-de-oxigenio-a-hospitais-buscam-minimizar-o-risco-de-desabastecimento","status":"publish","type":"post","link":"https:\/\/diarioregionaldigital.com.br\/?p=105694","title":{"rendered":"Fornecedoras de oxig\u00eanio a hospitais buscam minimizar o risco de desabastecimento"},"content":{"rendered":"<p>Uma das principais preocupa\u00e7\u00f5es da popula\u00e7\u00e3o em rela\u00e7\u00e3o aos reflexos da greve dos caminhoneiros no pa\u00eds \u00e9 com o abastecimento de oxig\u00eanio e demais gases medicinais nos hospitais. Com muitas estradas paralisadas e falta de diesel, essa preocupa\u00e7\u00e3o \u00e9 real, entretanto, os fornecedores v\u00eam buscando contornar a situa\u00e7\u00e3o a fim de n\u00e3o correr o risco de falta destes materiais essenciais aos hospitais.<\/p>\n<p>Esse \u00e9 o caso da empresa White Martins, fabricante de gases, que atende diversos hospitais de Juiz de Fora e regi\u00e3o. Por meio de nota, a companhia informou que est\u00e1 em contato direto com os clientes a fim de evitar a falta de gases essenciais \u00e0s unidades hospitalares. Confira a nota na \u00edntegra:<\/p>\n<p>\u201cA White Martins informa que est\u00e1 tomando todas as medidas poss\u00edveis para viabilizar a entrega de gases medicinais e industriais aos seus clientes, mesmo com a greve de transportadoras que vem ocorrendo nos \u00faltimos dias em rodovias estaduais e federais.<\/p>\n<p>Entretanto, muitos de seus caminh\u00f5es est\u00e3o carregados e parados nas estradas, impedidos de se locomover por conta da greve, mesmo aqueles que transportam gases de suporte \u00e0 vida, para cl\u00ednicas e hospitais.<\/p>\n<p>A companhia est\u00e1 em contato direto com os clientes e tomando todas as provid\u00eancias para minimizar o risco de desabastecimento de produtos.\u201d<\/p>\n","protected":false},"excerpt":{"rendered":"<p>Uma das principais preocupa\u00e7\u00f5es da popula\u00e7\u00e3o em rela\u00e7\u00e3o aos reflexos da greve dos caminhoneiros no pa\u00eds \u00e9 com o abastecimento de oxig\u00eanio e demais gases medicinais nos hospitais. Com muitas estradas paralisadas e falta de diesel, essa preocupa\u00e7\u00e3o \u00e9 real, entretanto, os fornecedores v\u00eam buscando contornar a situa\u00e7\u00e3o a fim de n\u00e3o correr o risco [&hellip;]<\/p>\n","protected":false},"author":96,"featured_media":105695,"comment_status":"closed","ping_status":"closed","sticky":false,"template":"","format":"standard","meta":{"footnotes":""},"categories":[253,436,440,439],"tags":[],"class_list":["post-105694","post","type-post","status-publish","format-standard","has-post-thumbnail","hentry","category-cidade","category-destaque-da-semana","category-destaques-do-dia","category-ultima-hora"],"_links":{"self":[{"href":"https:\/\/diarioregionaldigital.com.br\/index.php?rest_route=\/wp\/v2\/posts\/105694","targetHints":{"allow":["GET"]}}],"collection":[{"href":"https:\/\/diarioregionaldigital.com.br\/index.php?rest_route=\/wp\/v2\/posts"}],"about":[{"href":"https:\/\/diarioregionaldigital.com.br\/index.php?rest_route=\/wp\/v2\/types\/post"}],"author":[{"embeddable":true,"href":"https:\/\/diarioregionaldigital.com.br\/index.php?rest_route=\/wp\/v2\/users\/96"}],"replies":[{"embeddable":true,"href":"https:\/\/diarioregionaldigital.com.br\/index.php?rest_route=%2Fwp%2Fv2%2Fcomments&post=105694"}],"version-history":[{"count":0,"href":"https:\/\/diarioregionaldigital.com.br\/index.php?rest_route=\/wp\/v2\/posts\/105694\/revisions"}],"wp:featuredmedia":[{"embeddable":true,"href":"https:\/\/diarioregionaldigital.com.br\/index.php?rest_route=\/wp\/v2\/media\/105695"}],"wp:attachment":[{"href":"https:\/\/diarioregionaldigital.com.br\/index.php?rest_route=%2Fwp%2Fv2%2Fmedia&parent=105694"}],"wp:term":[{"taxonomy":"category","embeddable":true,"href":"https:\/\/diarioregionaldigital.com.br\/index.php?rest_route=%2Fwp%2Fv2%2Fcategories&post=105694"},{"taxonomy":"post_tag","embeddable":true,"href":"https:\/\/diarioregionaldigital.com.br\/index.php?rest_route=%2Fwp%2Fv2%2Ftags&post=105694"}],"curies":[{"name":"wp","href":"https:\/\/api.w.org\/{rel}","templated":true}]}}