{"id":105687,"date":"2018-05-25T12:32:09","date_gmt":"2018-05-25T15:32:09","guid":{"rendered":"http:\/\/diarioregionaljf.com.br\/?p=105687"},"modified":"2018-05-25T13:24:27","modified_gmt":"2018-05-25T16:24:27","slug":"gabinete-de-seguranca-institucional-analisa-impactos-da-paralisacao","status":"publish","type":"post","link":"https:\/\/diarioregionaldigital.com.br\/?p=105687","title":{"rendered":"Gabinete de Seguran\u00e7a Institucional analisa impactos da paralisa\u00e7\u00e3o"},"content":{"rendered":"<p>Integrantes do chamado\u00a0gabinete de crise\u00a0est\u00e3o reunidos nesta sexta-feira, 25, no Gabinete de Seguran\u00e7a Institucional (GSI), para avaliar os impactos do quinto dia de paralisa\u00e7\u00e3o dos caminhoneiros e tamb\u00e9m as indica\u00e7\u00f5es de cumprimento do acordo firmado com a categoria. O presidente Michel Temer participou dos 15 minutos finais da reuni\u00e3o ao lado de mais sete ministros e o secret\u00e1rio-executivo do Minist\u00e9rio de Minas e Energia.<\/p>\n<p>No come\u00e7o da reuni\u00e3o, o ministro-chefe da Casa Civil, Eliseu Padilha, afirmou que o quadro ser\u00e1 avaliado pelo governo para ter uma an\u00e1lise mais completa.<\/p>\n<p>&#8220;\u00c9 uma reuni\u00e3o de rotina em que n\u00f3s vamos fazer uma avalia\u00e7\u00e3o, em decorr\u00eancia do que aconteceu durante a semana, uma avalia\u00e7\u00e3o do que est\u00e1 acontecendo&#8221;, disse o ministro antes de entrar na reuni\u00e3o.<\/p>\n<p>Participaram da reuni\u00e3o os ministros da Casa Civil, Secretaria de Governo, Defesa, Seguran\u00e7a Nacional, Transportes, Agricultura, Fazenda, Advocacia-Geral da Uni\u00e3o e o secret\u00e1rio-executivo do Minist\u00e9rio de Minas e Energia.<\/p>\n<p>O governo avalia nos bastidores como reagir a uma possibilidade de locaute, quando os empres\u00e1rios do setor comandam as paralisa\u00e7\u00f5es. Ainda no final desta manh\u00e3, Temer participa da reuni\u00e3o do Conselho Nacional de Pol\u00edtica Fazend\u00e1ria (Confaz), que re\u00fane secret\u00e1rios estaduais de Fazenda, no Planalto, quando \u00e9 esperado que ele fale do assunto.<\/p>\n","protected":false},"excerpt":{"rendered":"<p>Integrantes do chamado\u00a0gabinete de crise\u00a0est\u00e3o reunidos nesta sexta-feira, 25, no Gabinete de Seguran\u00e7a Institucional (GSI), para avaliar os impactos do quinto dia de paralisa\u00e7\u00e3o dos caminhoneiros e tamb\u00e9m as indica\u00e7\u00f5es de cumprimento do acordo firmado com a categoria. O presidente Michel Temer participou dos 15 minutos finais da reuni\u00e3o ao lado de mais sete ministros [&hellip;]<\/p>\n","protected":false},"author":96,"featured_media":105698,"comment_status":"closed","ping_status":"closed","sticky":false,"template":"","format":"standard","meta":{"footnotes":""},"categories":[436,254,439],"tags":[],"class_list":["post-105687","post","type-post","status-publish","format-standard","has-post-thumbnail","hentry","category-destaque-da-semana","category-politica","category-ultima-hora"],"_links":{"self":[{"href":"https:\/\/diarioregionaldigital.com.br\/index.php?rest_route=\/wp\/v2\/posts\/105687","targetHints":{"allow":["GET"]}}],"collection":[{"href":"https:\/\/diarioregionaldigital.com.br\/index.php?rest_route=\/wp\/v2\/posts"}],"about":[{"href":"https:\/\/diarioregionaldigital.com.br\/index.php?rest_route=\/wp\/v2\/types\/post"}],"author":[{"embeddable":true,"href":"https:\/\/diarioregionaldigital.com.br\/index.php?rest_route=\/wp\/v2\/users\/96"}],"replies":[{"embeddable":true,"href":"https:\/\/diarioregionaldigital.com.br\/index.php?rest_route=%2Fwp%2Fv2%2Fcomments&post=105687"}],"version-history":[{"count":0,"href":"https:\/\/diarioregionaldigital.com.br\/index.php?rest_route=\/wp\/v2\/posts\/105687\/revisions"}],"wp:featuredmedia":[{"embeddable":true,"href":"https:\/\/diarioregionaldigital.com.br\/index.php?rest_route=\/wp\/v2\/media\/105698"}],"wp:attachment":[{"href":"https:\/\/diarioregionaldigital.com.br\/index.php?rest_route=%2Fwp%2Fv2%2Fmedia&parent=105687"}],"wp:term":[{"taxonomy":"category","embeddable":true,"href":"https:\/\/diarioregionaldigital.com.br\/index.php?rest_route=%2Fwp%2Fv2%2Fcategories&post=105687"},{"taxonomy":"post_tag","embeddable":true,"href":"https:\/\/diarioregionaldigital.com.br\/index.php?rest_route=%2Fwp%2Fv2%2Ftags&post=105687"}],"curies":[{"name":"wp","href":"https:\/\/api.w.org\/{rel}","templated":true}]}}