{"id":105684,"date":"2018-05-25T12:28:04","date_gmt":"2018-05-25T15:28:04","guid":{"rendered":"http:\/\/diarioregionaljf.com.br\/?p=105684"},"modified":"2018-05-25T12:47:54","modified_gmt":"2018-05-25T15:47:54","slug":"projeto-de-lei-que-regula-preco-minimo-do-frete-pode-ser-votado-no-senado","status":"publish","type":"post","link":"https:\/\/diarioregionaldigital.com.br\/?p=105684","title":{"rendered":"Projeto de lei que regula pre\u00e7o m\u00ednimo do frete pode ser votado no Senado"},"content":{"rendered":"<p>Votar a regula\u00e7\u00e3o dos pre\u00e7os m\u00ednimos do frete ser\u00e1 uma das contribui\u00e7\u00f5es do Senado para p\u00f4r fim \u00e0 greve dos caminhoneiros. Para isso, os senadores v\u00e3o analisar o\u00a0<a href=\"https:\/\/www25.senado.leg.br\/web\/atividade\/materias\/-\/materia\/131292\">PLC 121\/2017<\/a>, do deputado federal Assis Couto (PT-PR). A proposta est\u00e1 na Comiss\u00e3o de Assuntos Econ\u00f4micos (CAE), mas pode ir direto ao Plen\u00e1rio em regime de urg\u00eancia, conforme anunciou o presidente Eun\u00edcio Oliveira. O relator \u00e9 o senador Romero Juc\u00e1 (PMDB-RR), que ainda n\u00e3o apresentou seu voto.<\/p>\n<p>O projeto cria a Pol\u00edtica de Pre\u00e7os M\u00ednimos do Transporte Rodovi\u00e1rio de Cargas, mediante tabela elaborada semestralmente por \u00f3rg\u00e3o competente, com valores por quil\u00f4metro rodado por eixo carregado e conforme a carga. Os par\u00e2metros devem ser fixados sempre nos meses de janeiro e julho de cada ano.<\/p>\n<p>Os pre\u00e7os m\u00ednimos ser\u00e3o definidos levando-se em conta a oscila\u00e7\u00e3o e a import\u00e2ncia do valor do \u00f3leo diesel e dos ped\u00e1gios na composi\u00e7\u00e3o dos custos do frete.<\/p>\n<p>At\u00e9 que\u00a0o \u00f3rg\u00e3o competente do Poder Executivo edite a tabela com os valores m\u00ednimos, o projeto estipula o valor de R$0,70\u00a0por quil\u00f4metro rodado para cada eixo carregado de\u00a0carga geral e R$0,90 para carga perigosa ou refrigerada.<\/p>\n<p>Ainda conforme o texto original da proposi\u00e7\u00e3o, o processo de defini\u00e7\u00e3o dos pre\u00e7os deve contar com a participa\u00e7\u00e3o dos sindicatos de empresas de transportes e de transportadores aut\u00f4nomos de cargas, bem como dos representantes das cooperativas de transporte de cargas.<\/p>\n<p>&nbsp;<\/p>\n<p><span style=\"font-size: 12pt;\"><strong>DIFICULDADES<\/strong><\/span><\/p>\n<p>Ao apresentar a proposta, o deputado Assis Couto alegou ser necess\u00e1rio estabelecer uma pol\u00edtica vinculativa de pre\u00e7os m\u00ednimos em raz\u00e3o das dificuldades pelas quais passam os caminhoneiros em todo o pa\u00eds. &#8220;O presente projeto tem por objetivo estabelecer condi\u00e7\u00f5es razo\u00e1veis \u00e0 realiza\u00e7\u00e3o de fretes no transporte rodovi\u00e1rio de cargas, de modo condizente ao servi\u00e7o prestado pelos profissionais do setor de transportes&#8221;.<\/p>\n<p>&nbsp;<\/p>\n<p>Fonte: Ag\u00eancia Senado<\/p>\n","protected":false},"excerpt":{"rendered":"<p>Votar a regula\u00e7\u00e3o dos pre\u00e7os m\u00ednimos do frete ser\u00e1 uma das contribui\u00e7\u00f5es do Senado para p\u00f4r fim \u00e0 greve dos caminhoneiros. Para isso, os senadores v\u00e3o analisar o\u00a0PLC 121\/2017, do deputado federal Assis Couto (PT-PR). A proposta est\u00e1 na Comiss\u00e3o de Assuntos Econ\u00f4micos (CAE), mas pode ir direto ao Plen\u00e1rio em regime de urg\u00eancia, conforme [&hellip;]<\/p>\n","protected":false},"author":96,"featured_media":105688,"comment_status":"closed","ping_status":"closed","sticky":false,"template":"","format":"standard","meta":{"footnotes":""},"categories":[254,439],"tags":[],"class_list":["post-105684","post","type-post","status-publish","format-standard","has-post-thumbnail","hentry","category-politica","category-ultima-hora"],"_links":{"self":[{"href":"https:\/\/diarioregionaldigital.com.br\/index.php?rest_route=\/wp\/v2\/posts\/105684","targetHints":{"allow":["GET"]}}],"collection":[{"href":"https:\/\/diarioregionaldigital.com.br\/index.php?rest_route=\/wp\/v2\/posts"}],"about":[{"href":"https:\/\/diarioregionaldigital.com.br\/index.php?rest_route=\/wp\/v2\/types\/post"}],"author":[{"embeddable":true,"href":"https:\/\/diarioregionaldigital.com.br\/index.php?rest_route=\/wp\/v2\/users\/96"}],"replies":[{"embeddable":true,"href":"https:\/\/diarioregionaldigital.com.br\/index.php?rest_route=%2Fwp%2Fv2%2Fcomments&post=105684"}],"version-history":[{"count":0,"href":"https:\/\/diarioregionaldigital.com.br\/index.php?rest_route=\/wp\/v2\/posts\/105684\/revisions"}],"wp:featuredmedia":[{"embeddable":true,"href":"https:\/\/diarioregionaldigital.com.br\/index.php?rest_route=\/wp\/v2\/media\/105688"}],"wp:attachment":[{"href":"https:\/\/diarioregionaldigital.com.br\/index.php?rest_route=%2Fwp%2Fv2%2Fmedia&parent=105684"}],"wp:term":[{"taxonomy":"category","embeddable":true,"href":"https:\/\/diarioregionaldigital.com.br\/index.php?rest_route=%2Fwp%2Fv2%2Fcategories&post=105684"},{"taxonomy":"post_tag","embeddable":true,"href":"https:\/\/diarioregionaldigital.com.br\/index.php?rest_route=%2Fwp%2Fv2%2Ftags&post=105684"}],"curies":[{"name":"wp","href":"https:\/\/api.w.org\/{rel}","templated":true}]}}