{"id":105681,"date":"2018-05-25T12:24:02","date_gmt":"2018-05-25T15:24:02","guid":{"rendered":"http:\/\/diarioregionaljf.com.br\/?p=105681"},"modified":"2018-05-25T12:24:02","modified_gmt":"2018-05-25T15:24:02","slug":"paralisacao-de-caminhoneiros-comeca-a-afetar-atendimento-hospitalar","status":"publish","type":"post","link":"https:\/\/diarioregionaldigital.com.br\/?p=105681","title":{"rendered":"Paralisa\u00e7\u00e3o de caminhoneiros come\u00e7a a afetar atendimento hospitalar"},"content":{"rendered":"<p>A paralisa\u00e7\u00e3o de caminhoneiros em todo o pa\u00eds come\u00e7a a afetar os atendimentos hospitalares, inclusive as urg\u00eancias e emerg\u00eancias. Segundo a Confedera\u00e7\u00e3o Nacional de Sa\u00fade (CNS), em alguns estabelecimentos est\u00e3o faltando produtos como g\u00e1s medicinal, material anest\u00e9sico, medicamentos, insumos para tratamento de \u00e1gua, entre outros.<\/p>\n<p>Em nota, a entidade pede aos manifestantes que bloqueiam as estradas em 22 unidades da federa\u00e7\u00e3o que permitam a passagem dos ve\u00edculos que transportam materiais m\u00e9dicos priorit\u00e1rios.<\/p>\n<p>\u201cA confedera\u00e7\u00e3o n\u00e3o se op\u00f5e a nenhuma manifesta\u00e7\u00e3o. Entretanto, alerta que, caso esse apelo n\u00e3o conte com a compreens\u00e3o dos senhores, os problemas no abastecimento de insumos essenciais v\u00e3o aumentar\u201d, destacou.<\/p>\n<p>Na nota, a entidade defende ser imprescind\u00edvel que a reivindica\u00e7\u00e3o dos caminhoneiros n\u00e3o coloque em risco a sa\u00fade do cidad\u00e3o.<\/p>\n<p>De acordo com o presidente da Federa\u00e7\u00e3o Brasileira de Hospitais, Luiz Aramicy Bezerra Pinto, a situa\u00e7\u00e3o j\u00e1 \u00e9 cr\u00edtica em Curitiba, Fortaleza, Jo\u00e3o Pessoa, no Recife e Rio de Janeiro.<\/p>\n<p>\u201cOs hospitais de v\u00e1rias capitais est\u00e3o no limite dos estoques de oxig\u00eanio. Acho que se n\u00e3o tivermos uma solu\u00e7\u00e3o at\u00e9 o fim do dia, enfrentaremos uma situa\u00e7\u00e3o cr\u00edtica\u201d, disse Aramicy \u00e0\u00a0<strong>Ag\u00eancia Brasil<\/strong>.<\/p>\n<p>Segundo ele, a federa\u00e7\u00e3o j\u00e1 sugeriu aos diretores de hospitais que, caso o abastecimento n\u00e3o seja normalizado nas pr\u00f3ximas horas, apenas os pacientes mais graves, emergenciais, sejam internados nas unidades de terapia intensiva (UTI).<\/p>\n<p>A Associa\u00e7\u00e3o Brasileira dos Caminhoneiros (Abcam) que representa 700 mil trabalhadores garante instruir os manifestantes a deixarem passar os ve\u00edculos com medicamentos, cargas vivas, combust\u00edvel e produtos perec\u00edveis. Ontem (24) a Abcam recusou a proposta apresentada pelo governo federal e manteve a orienta\u00e7\u00e3o para que os motoristas mantenham a paralisa\u00e7\u00e3o.<\/p>\n<p>Mesmo ap\u00f3s o\u00a0governo anunciar um acordo\u00a0com as lideran\u00e7as do movimento, milhares de caminhoneiros mant\u00eam bloqueios em diversas partes do pa\u00eds. Mais cedo, a Pol\u00edcia Rodovi\u00e1ria Federal (PRF) informou\u00a0que ainda\u00a0n\u00e3o registra desmobiliza\u00e7\u00e3o\u00a0nas rodovias do pa\u00eds.<\/p>\n<p>Fonte: Ag\u00eancia Brasil<\/p>\n","protected":false},"excerpt":{"rendered":"<p>A paralisa\u00e7\u00e3o de caminhoneiros em todo o pa\u00eds come\u00e7a a afetar os atendimentos hospitalares, inclusive as urg\u00eancias e emerg\u00eancias. Segundo a Confedera\u00e7\u00e3o Nacional de Sa\u00fade (CNS), em alguns estabelecimentos est\u00e3o faltando produtos como g\u00e1s medicinal, material anest\u00e9sico, medicamentos, insumos para tratamento de \u00e1gua, entre outros. Em nota, a entidade pede aos manifestantes que bloqueiam as [&hellip;]<\/p>\n","protected":false},"author":96,"featured_media":105683,"comment_status":"closed","ping_status":"closed","sticky":false,"template":"","format":"standard","meta":{"footnotes":""},"categories":[302,436,439],"tags":[],"class_list":["post-105681","post","type-post","status-publish","format-standard","has-post-thumbnail","hentry","category-brasil-mundo","category-destaque-da-semana","category-ultima-hora"],"_links":{"self":[{"href":"https:\/\/diarioregionaldigital.com.br\/index.php?rest_route=\/wp\/v2\/posts\/105681","targetHints":{"allow":["GET"]}}],"collection":[{"href":"https:\/\/diarioregionaldigital.com.br\/index.php?rest_route=\/wp\/v2\/posts"}],"about":[{"href":"https:\/\/diarioregionaldigital.com.br\/index.php?rest_route=\/wp\/v2\/types\/post"}],"author":[{"embeddable":true,"href":"https:\/\/diarioregionaldigital.com.br\/index.php?rest_route=\/wp\/v2\/users\/96"}],"replies":[{"embeddable":true,"href":"https:\/\/diarioregionaldigital.com.br\/index.php?rest_route=%2Fwp%2Fv2%2Fcomments&post=105681"}],"version-history":[{"count":0,"href":"https:\/\/diarioregionaldigital.com.br\/index.php?rest_route=\/wp\/v2\/posts\/105681\/revisions"}],"wp:featuredmedia":[{"embeddable":true,"href":"https:\/\/diarioregionaldigital.com.br\/index.php?rest_route=\/wp\/v2\/media\/105683"}],"wp:attachment":[{"href":"https:\/\/diarioregionaldigital.com.br\/index.php?rest_route=%2Fwp%2Fv2%2Fmedia&parent=105681"}],"wp:term":[{"taxonomy":"category","embeddable":true,"href":"https:\/\/diarioregionaldigital.com.br\/index.php?rest_route=%2Fwp%2Fv2%2Fcategories&post=105681"},{"taxonomy":"post_tag","embeddable":true,"href":"https:\/\/diarioregionaldigital.com.br\/index.php?rest_route=%2Fwp%2Fv2%2Ftags&post=105681"}],"curies":[{"name":"wp","href":"https:\/\/api.w.org\/{rel}","templated":true}]}}