{"id":105660,"date":"2018-05-25T11:29:44","date_gmt":"2018-05-25T14:29:44","guid":{"rendered":"http:\/\/diarioregionaljf.com.br\/?p=105660"},"modified":"2018-05-25T11:35:38","modified_gmt":"2018-05-25T14:35:38","slug":"linhas-de-onibus-da-cidade-continuarao-reduzidas-pelos-proximos-dias","status":"publish","type":"post","link":"https:\/\/diarioregionaldigital.com.br\/?p=105660","title":{"rendered":"Linhas de \u00f4nibus da cidade continuar\u00e3o reduzidas pelos pr\u00f3ximos dias"},"content":{"rendered":"<p>Os Cons\u00f3rcios Integrados do Transporte Urbano (Cinturb) comunicaram na manh\u00e3 desta sexta-feira, 25, que as redu\u00e7\u00f5es nas linhas de \u00f4nibus que atendem a cidade dever\u00e3o continuar pelos pr\u00f3ximos dias at\u00e9 que o abastecimento de diesel seja regularizado. Confira a nota na \u00edntegra:<\/p>\n<p>&nbsp;<\/p>\n<p>\u201cEm nova reuni\u00e3o na manh\u00e3 desta sexta-feira, 25,, os empres\u00e1rios do setor de transporte coletivo informaram \u00e0 Settra a situa\u00e7\u00e3o dos estoques de diesel para os pr\u00f3ximos dias e reflexos da redu\u00e7\u00e3o na opera\u00e7\u00e3o de ontem.<\/p>\n<p>&nbsp;<\/p>\n<p>Foi decidido que a racionaliza\u00e7\u00e3o no entrepico precisa continuar reduzida em, pelo menos, 50%. O hor\u00e1rio de pico continua com quadro normal, com racionaliza\u00e7\u00e3o de linhas nos bairros onde h\u00e1 maior oferta no mesmo itiner\u00e1rio.<\/p>\n<p>&nbsp;<\/p>\n<p>S\u00e1bado e segunda, al\u00e9m do pr\u00f3prio domingo, funcionar\u00e3o com quadro de hor\u00e1rio de domingo, uma vez que j\u00e1 foi sentida a queda na demanda em fun\u00e7\u00e3o de paralisa\u00e7\u00e3o das atividades da UFJF, rede escolar estadual, ponto facultativo em servi\u00e7os p\u00fablicos, visando garantir reserva de combust\u00edvel para operar o servi\u00e7o pelo maior tempo poss\u00edvel.<\/p>\n<p>&nbsp;<\/p>\n<p>O melhor meio de informa\u00e7\u00e3o dos hor\u00e1rios para evitar espera nos pontos \u00e9 o uso do aplicativo Cit\u00e1 Mobi, pois, conforme visto ontem, refletiu bem o movimento das linhas, com baixo \u00edndice de procura e reclama\u00e7\u00f5es diretamente nas ouvidorias das empresas.\u201d<\/p>\n","protected":false},"excerpt":{"rendered":"<p>Os Cons\u00f3rcios Integrados do Transporte Urbano (Cinturb) comunicaram na manh\u00e3 desta sexta-feira, 25, que as redu\u00e7\u00f5es nas linhas de \u00f4nibus que atendem a cidade dever\u00e3o continuar pelos pr\u00f3ximos dias at\u00e9 que o abastecimento de diesel seja regularizado. Confira a nota na \u00edntegra: &nbsp; \u201cEm nova reuni\u00e3o na manh\u00e3 desta sexta-feira, 25,, os empres\u00e1rios do setor [&hellip;]<\/p>\n","protected":false},"author":96,"featured_media":105664,"comment_status":"closed","ping_status":"closed","sticky":false,"template":"","format":"standard","meta":{"footnotes":""},"categories":[253,436,440,439],"tags":[],"class_list":["post-105660","post","type-post","status-publish","format-standard","has-post-thumbnail","hentry","category-cidade","category-destaque-da-semana","category-destaques-do-dia","category-ultima-hora"],"_links":{"self":[{"href":"https:\/\/diarioregionaldigital.com.br\/index.php?rest_route=\/wp\/v2\/posts\/105660","targetHints":{"allow":["GET"]}}],"collection":[{"href":"https:\/\/diarioregionaldigital.com.br\/index.php?rest_route=\/wp\/v2\/posts"}],"about":[{"href":"https:\/\/diarioregionaldigital.com.br\/index.php?rest_route=\/wp\/v2\/types\/post"}],"author":[{"embeddable":true,"href":"https:\/\/diarioregionaldigital.com.br\/index.php?rest_route=\/wp\/v2\/users\/96"}],"replies":[{"embeddable":true,"href":"https:\/\/diarioregionaldigital.com.br\/index.php?rest_route=%2Fwp%2Fv2%2Fcomments&post=105660"}],"version-history":[{"count":0,"href":"https:\/\/diarioregionaldigital.com.br\/index.php?rest_route=\/wp\/v2\/posts\/105660\/revisions"}],"wp:featuredmedia":[{"embeddable":true,"href":"https:\/\/diarioregionaldigital.com.br\/index.php?rest_route=\/wp\/v2\/media\/105664"}],"wp:attachment":[{"href":"https:\/\/diarioregionaldigital.com.br\/index.php?rest_route=%2Fwp%2Fv2%2Fmedia&parent=105660"}],"wp:term":[{"taxonomy":"category","embeddable":true,"href":"https:\/\/diarioregionaldigital.com.br\/index.php?rest_route=%2Fwp%2Fv2%2Fcategories&post=105660"},{"taxonomy":"post_tag","embeddable":true,"href":"https:\/\/diarioregionaldigital.com.br\/index.php?rest_route=%2Fwp%2Fv2%2Ftags&post=105660"}],"curies":[{"name":"wp","href":"https:\/\/api.w.org\/{rel}","templated":true}]}}