{"id":105650,"date":"2018-05-25T10:04:47","date_gmt":"2018-05-25T13:04:47","guid":{"rendered":"http:\/\/diarioregionaljf.com.br\/?p=105650"},"modified":"2018-05-25T10:08:35","modified_gmt":"2018-05-25T13:08:35","slug":"mesmo-com-crise-no-transporte-de-cargas-ascomcer-recebe-abastecimento-de-oxigenio","status":"publish","type":"post","link":"https:\/\/diarioregionaldigital.com.br\/?p=105650","title":{"rendered":"Mesmo com crise no transporte de cargas, Ascomcer recebe abastecimento de oxig\u00eanio"},"content":{"rendered":"<p>Apesar da continua\u00e7\u00e3o da greve dos caminhoneiros em todo pa\u00eds, na manh\u00e3 desta sexta-feira, 25, durante uma ronda pelas ruas de Juiz de Fora a equipe do Di\u00e1rio Regional pode observar as movimenta\u00e7\u00f5es em alguns trechos da cidade.<\/p>\n<p>Do bairro Cascatinha at\u00e9 a Avenida Rio Branco o tr\u00e2nsito segue tranquilo com poucos carros ainda circulando. O n\u00famero de \u00f4nibus tamb\u00e9m encontra-se reduzido. Pr\u00f3ximo a supermercados e hortifr\u00fatis \u00e9 poss\u00edvel perceber um movimento mesmo que ainda t\u00edmido, reflexo da preocupa\u00e7\u00e3o da popula\u00e7\u00e3o com falta de alimentos para serem comprados.<\/p>\n<p>Vale destacar que na Associa\u00e7\u00e3o Feminina de Preven\u00e7\u00e3o e Combate ao C\u00e2ncer de Juiz de Fora (ASCOMCER) foi poss\u00edvel visualizar um caminh\u00e3o de oxig\u00eanio reabastecendo os estoques do hospital.<\/p>\n<p>A ger\u00eancia do hospital mantem contato com a empresa respons\u00e1vel pelo abastecimento de oxig\u00eanio a fim de acompanhar a situa\u00e7\u00e3o dos reabastecimentos.<\/p>\n<p>Em nota divulgada nessa quinta-feira, 24, a ASCOMCER informou, por meio de nota, que o hospital dever\u00e1 sofrer impactos com a crise. Leia a nota na \u00edntegra: \u201cInformamos que, em fun\u00e7\u00e3o dos \u00faltimos acontecimentos, a previs\u00e3o \u00e9 de impacto sim. J\u00e1 interrompemos o recolhimento de doa\u00e7\u00f5es na cidade e o transporte de pacientes para as Casas de Apoio (e vice-e-versa) tamb\u00e9m est\u00e1 comprometido. Hoje tivemos carros de prefeituras vizinhas trazendo pacientes, mas n\u00e3o sabemos se na pr\u00f3xima semana vamos receb\u00ea-los para atendimento ambulatorial,\u00a0caso assim continue. Muitas mercadorias (de medicamentos e materiais, inclusive) est\u00e3o com envio atrasados. Estamos trabalhando com um estoque bem reduzido, que ainda n\u00e3o afetou drasticamente a institui\u00e7\u00e3o, mas vai afetar se a situa\u00e7\u00e3o n\u00e3o for normalizada rapidamente.\u201d<\/p>\n","protected":false},"excerpt":{"rendered":"<p>Apesar da continua\u00e7\u00e3o da greve dos caminhoneiros em todo pa\u00eds, na manh\u00e3 desta sexta-feira, 25, durante uma ronda pelas ruas de Juiz de Fora a equipe do Di\u00e1rio Regional pode observar as movimenta\u00e7\u00f5es em alguns trechos da cidade. Do bairro Cascatinha at\u00e9 a Avenida Rio Branco o tr\u00e2nsito segue tranquilo com poucos carros ainda circulando. [&hellip;]<\/p>\n","protected":false},"author":96,"featured_media":105653,"comment_status":"closed","ping_status":"closed","sticky":false,"template":"","format":"standard","meta":{"footnotes":""},"categories":[253,436,439],"tags":[],"class_list":["post-105650","post","type-post","status-publish","format-standard","has-post-thumbnail","hentry","category-cidade","category-destaque-da-semana","category-ultima-hora"],"_links":{"self":[{"href":"https:\/\/diarioregionaldigital.com.br\/index.php?rest_route=\/wp\/v2\/posts\/105650","targetHints":{"allow":["GET"]}}],"collection":[{"href":"https:\/\/diarioregionaldigital.com.br\/index.php?rest_route=\/wp\/v2\/posts"}],"about":[{"href":"https:\/\/diarioregionaldigital.com.br\/index.php?rest_route=\/wp\/v2\/types\/post"}],"author":[{"embeddable":true,"href":"https:\/\/diarioregionaldigital.com.br\/index.php?rest_route=\/wp\/v2\/users\/96"}],"replies":[{"embeddable":true,"href":"https:\/\/diarioregionaldigital.com.br\/index.php?rest_route=%2Fwp%2Fv2%2Fcomments&post=105650"}],"version-history":[{"count":0,"href":"https:\/\/diarioregionaldigital.com.br\/index.php?rest_route=\/wp\/v2\/posts\/105650\/revisions"}],"wp:featuredmedia":[{"embeddable":true,"href":"https:\/\/diarioregionaldigital.com.br\/index.php?rest_route=\/wp\/v2\/media\/105653"}],"wp:attachment":[{"href":"https:\/\/diarioregionaldigital.com.br\/index.php?rest_route=%2Fwp%2Fv2%2Fmedia&parent=105650"}],"wp:term":[{"taxonomy":"category","embeddable":true,"href":"https:\/\/diarioregionaldigital.com.br\/index.php?rest_route=%2Fwp%2Fv2%2Fcategories&post=105650"},{"taxonomy":"post_tag","embeddable":true,"href":"https:\/\/diarioregionaldigital.com.br\/index.php?rest_route=%2Fwp%2Fv2%2Ftags&post=105650"}],"curies":[{"name":"wp","href":"https:\/\/api.w.org\/{rel}","templated":true}]}}