{"id":105598,"date":"2018-05-24T20:02:43","date_gmt":"2018-05-24T23:02:43","guid":{"rendered":"http:\/\/diarioregionaljf.com.br\/?p=105598"},"modified":"2018-05-24T20:02:43","modified_gmt":"2018-05-24T23:02:43","slug":"anac-afirma-que-apesar-da-escassez-de-combustivel-voos-seguem-abastecidos","status":"publish","type":"post","link":"https:\/\/diarioregionaldigital.com.br\/?p=105598","title":{"rendered":"Anac afirma que apesar da escassez de combust\u00edvel, voos seguem abastecidos"},"content":{"rendered":"<p>O quarto dia de greve dos caminhoneiros tem impactado diretamente o funcionamento dos aeroportos de todo o pa\u00eds. Em nota, a Ag\u00eancia Nacional de Avia\u00e7\u00e3o Civil (Anac) informou nessa quinta-feira, 24, que, apesar da escassez de combust\u00edvel nos aeroportos, \u201ctodos os voos que est\u00e3o em opera\u00e7\u00e3o seguem abastecidos dentro do estabelecido pelos regulamentos da Ag\u00eancia\u201d.<\/p>\n<p>\u201cOs regulamentos da Anac est\u00e3o amparados internacionalmente e regulam o c\u00e1lculo a ser feito conforme a rota, a reserva m\u00ednima a ser observada, al\u00e9m de instru\u00e7\u00f5es sobre a opera\u00e7\u00e3o que podem alterar o c\u00e1lculo do combust\u00edvel. Todas as medidas estipuladas nas opera\u00e7\u00f5es visam a seguran\u00e7a operacional dos voos, que \u00e9 a prioridade para a Anac\u201d, garante.<\/p>\n<p>A Anac afirma que tem acompanhado \u201cem tempo real\u201d o abastecimento de combust\u00edvel dos aeroportos e poss\u00edveis impactos \u00e0s opera\u00e7\u00f5es. Na quarta-feira, 23,\u00a0a Infraero tamb\u00e9m informou\u00a0que est\u00e1 monitorando o abastecimento de querosene de avia\u00e7\u00e3o por parte dos fornecedores que atuam nos terminais.<\/p>\n<p>A\u00a0escassez de querosene alterou a normalidade dos terminais a\u00e9reos. No caso do aeroporto Internacional Juscelino Kubitscheck, em Bras\u00edlia, apenas aeronaves com autonomia de combust\u00edvel para seguir viagem s\u00e3o autorizados a pousar.<\/p>\n<p>&nbsp;<\/p>\n<p><strong>Orienta\u00e7\u00e3o aos passageiros<\/strong><\/p>\n<p>Para evitar transtornos aos passageiros, a recomenda\u00e7\u00e3o \u00e9 procurar as companhias a\u00e9reas para confirmar seus respectivos voos antes de se deslocarem para o aeroporto at\u00e9 que a situa\u00e7\u00e3o esteja normalizada.<\/p>\n<p>&nbsp;<\/p>\n<p>Fonte: Ag\u00eancia Brasil<\/p>\n","protected":false},"excerpt":{"rendered":"<p>O quarto dia de greve dos caminhoneiros tem impactado diretamente o funcionamento dos aeroportos de todo o pa\u00eds. Em nota, a Ag\u00eancia Nacional de Avia\u00e7\u00e3o Civil (Anac) informou nessa quinta-feira, 24, que, apesar da escassez de combust\u00edvel nos aeroportos, \u201ctodos os voos que est\u00e3o em opera\u00e7\u00e3o seguem abastecidos dentro do estabelecido pelos regulamentos da Ag\u00eancia\u201d. [&hellip;]<\/p>\n","protected":false},"author":96,"featured_media":105599,"comment_status":"closed","ping_status":"closed","sticky":false,"template":"","format":"standard","meta":{"footnotes":""},"categories":[261,439],"tags":[],"class_list":["post-105598","post","type-post","status-publish","format-standard","has-post-thumbnail","hentry","category-economia","category-ultima-hora"],"_links":{"self":[{"href":"https:\/\/diarioregionaldigital.com.br\/index.php?rest_route=\/wp\/v2\/posts\/105598","targetHints":{"allow":["GET"]}}],"collection":[{"href":"https:\/\/diarioregionaldigital.com.br\/index.php?rest_route=\/wp\/v2\/posts"}],"about":[{"href":"https:\/\/diarioregionaldigital.com.br\/index.php?rest_route=\/wp\/v2\/types\/post"}],"author":[{"embeddable":true,"href":"https:\/\/diarioregionaldigital.com.br\/index.php?rest_route=\/wp\/v2\/users\/96"}],"replies":[{"embeddable":true,"href":"https:\/\/diarioregionaldigital.com.br\/index.php?rest_route=%2Fwp%2Fv2%2Fcomments&post=105598"}],"version-history":[{"count":0,"href":"https:\/\/diarioregionaldigital.com.br\/index.php?rest_route=\/wp\/v2\/posts\/105598\/revisions"}],"wp:featuredmedia":[{"embeddable":true,"href":"https:\/\/diarioregionaldigital.com.br\/index.php?rest_route=\/wp\/v2\/media\/105599"}],"wp:attachment":[{"href":"https:\/\/diarioregionaldigital.com.br\/index.php?rest_route=%2Fwp%2Fv2%2Fmedia&parent=105598"}],"wp:term":[{"taxonomy":"category","embeddable":true,"href":"https:\/\/diarioregionaldigital.com.br\/index.php?rest_route=%2Fwp%2Fv2%2Fcategories&post=105598"},{"taxonomy":"post_tag","embeddable":true,"href":"https:\/\/diarioregionaldigital.com.br\/index.php?rest_route=%2Fwp%2Fv2%2Ftags&post=105598"}],"curies":[{"name":"wp","href":"https:\/\/api.w.org\/{rel}","templated":true}]}}