{"id":105582,"date":"2018-05-25T06:00:29","date_gmt":"2018-05-25T09:00:29","guid":{"rendered":"http:\/\/diarioregionaljf.com.br\/?p=105582"},"modified":"2018-08-13T20:28:22","modified_gmt":"2018-08-13T23:28:22","slug":"comunicado-areia-palmares-lo-25-05-18","status":"publish","type":"post","link":"https:\/\/diarioregionaldigital.com.br\/?p=105582","title":{"rendered":"Comunicado &#8211; Areia Palmares Lo 25\/05\/18"},"content":{"rendered":"<p style=\"text-align: center;\"><strong>Comunicado<\/strong><\/p>\n<p style=\"text-align: center;\">Com\u00e9rcio De Areia Palmares Ltda-Cnpj 08.284.772\/0001-04 Torna P\u00fablico Que Requereu Junto A Secretaria Do Meio Ambiente De Juiz De Fora Mg O Pedido Da Lo (Licen\u00e7a De Opera\u00e7\u00e3o) Para Extra\u00e7\u00e3o De Areia Em Cava No Local Denominado Fazenda Monte Belo-Estrada Da Remonta Municipio De Juiz De Fora Mg.<\/p>\n","protected":false},"excerpt":{"rendered":"<p>Comunicado Com\u00e9rcio De Areia Palmares Ltda-Cnpj 08.284.772\/0001-04 Torna P\u00fablico Que Requereu Junto A Secretaria Do Meio Ambiente De Juiz De Fora Mg O Pedido Da Lo (Licen\u00e7a De Opera\u00e7\u00e3o) Para Extra\u00e7\u00e3o De Areia Em Cava No Local Denominado Fazenda Monte Belo-Estrada Da Remonta Municipio De Juiz De Fora Mg.<\/p>\n","protected":false},"author":96,"featured_media":0,"comment_status":"closed","ping_status":"closed","sticky":false,"template":"","format":"standard","meta":{"footnotes":""},"categories":[307],"tags":[],"class_list":["post-105582","post","type-post","status-publish","format-standard","hentry","category-editais"],"_links":{"self":[{"href":"https:\/\/diarioregionaldigital.com.br\/index.php?rest_route=\/wp\/v2\/posts\/105582","targetHints":{"allow":["GET"]}}],"collection":[{"href":"https:\/\/diarioregionaldigital.com.br\/index.php?rest_route=\/wp\/v2\/posts"}],"about":[{"href":"https:\/\/diarioregionaldigital.com.br\/index.php?rest_route=\/wp\/v2\/types\/post"}],"author":[{"embeddable":true,"href":"https:\/\/diarioregionaldigital.com.br\/index.php?rest_route=\/wp\/v2\/users\/96"}],"replies":[{"embeddable":true,"href":"https:\/\/diarioregionaldigital.com.br\/index.php?rest_route=%2Fwp%2Fv2%2Fcomments&post=105582"}],"version-history":[{"count":0,"href":"https:\/\/diarioregionaldigital.com.br\/index.php?rest_route=\/wp\/v2\/posts\/105582\/revisions"}],"wp:attachment":[{"href":"https:\/\/diarioregionaldigital.com.br\/index.php?rest_route=%2Fwp%2Fv2%2Fmedia&parent=105582"}],"wp:term":[{"taxonomy":"category","embeddable":true,"href":"https:\/\/diarioregionaldigital.com.br\/index.php?rest_route=%2Fwp%2Fv2%2Fcategories&post=105582"},{"taxonomy":"post_tag","embeddable":true,"href":"https:\/\/diarioregionaldigital.com.br\/index.php?rest_route=%2Fwp%2Fv2%2Ftags&post=105582"}],"curies":[{"name":"wp","href":"https:\/\/api.w.org\/{rel}","templated":true}]}}