{"id":105548,"date":"2018-05-24T18:35:11","date_gmt":"2018-05-24T21:35:11","guid":{"rendered":"http:\/\/diarioregionaljf.com.br\/?p=105548"},"modified":"2018-05-24T18:56:12","modified_gmt":"2018-05-24T21:56:12","slug":"operacao-prende-31-pessoas-e-apreende-drogas-em-jf-e-regiao","status":"publish","type":"post","link":"https:\/\/diarioregionaldigital.com.br\/?p=105548","title":{"rendered":"Opera\u00e7\u00e3o prende 31 pessoas e apreende drogas em JF e regi\u00e3o"},"content":{"rendered":"<p>Uma a\u00e7\u00e3o conjunta, com a finalidade de combater o tr\u00e1fico de drogas e os crimes violentos, foi deflagrada na manh\u00e3 desta quinta-feira, 24, pelas Pol\u00edcias Civil e Militar, Tribunal de Justi\u00e7a de Minas Gerais, Minist\u00e9rio P\u00fablico de Minas Gerais e a Secretaria de Administra\u00e7\u00e3o Prisional de Minas Gerais nos munic\u00edpios de Juiz de Fora, Rio Novo, Bicas, Pequeri e Goian\u00e1.<\/p>\n<p>A opera\u00e7\u00e3o denominada \u201cN\u00eamesis\u201d \u2013 na mitologia grega a deusa da vingan\u00e7a e da justi\u00e7a &#8211; culminou na pris\u00e3o de 31 pessoas e na apreens\u00e3o de sete armas de fogo, 120 celulares, R$10.735,60, quatro quilos de maconha, quatro barras e oito tabletes da mesma droga, quatro cigarros de maconha, duas buchas e um tubo com semente da mesma droga, dois papelotes de coca\u00edna, dois tablets, sete chips de celulares, 70 carregadores de aparelhos telef\u00f4nicos, 16 baterias de celulares avulsas, duas balan\u00e7as de precis\u00e3o, 103 muni\u00e7\u00f5es intactas calibres diversos, 66 muni\u00e7\u00f5es deflagradas calibres diversos, uma pedra de crack e outra pedra esfarelada da mesma droga, bem como uma motocicleta apreendida.<\/p>\n<p>Durante a manobra, foram cumpridos 18 mandados de pris\u00e3o e 13 pessoas foram presas em flagrante. Al\u00e9m disso, foram cumpridos 35 mandados de busca e apreens\u00e3o. De acordo com o diretor-geral da Penitenci\u00e1ria Professor Ariosvaldo de Campos Pires, Bruno Aguiar, tamb\u00e9m foi realizada revista dentro da unidade prisional.<\/p>\n<p>Segundo a promotora de Justi\u00e7a de Bicas, Flavia Maria Carpanez de Mello, os resultados foram exitosos. &#8220;Esperamos com essa a\u00e7\u00e3o coibir o tr\u00e1fico de drogas e de armas na regi\u00e3o&#8221;, destacou. Para o tenente coronel da Pol\u00edcia Militar, Neir Adriano de Souza, a opera\u00e7\u00e3o, desencadeada nos cinco munic\u00edpios, cumpriu o objetivo de combater o crime organizado. &#8220;Essa foi apenas uma primeira fase da opera\u00e7\u00e3o e as dilig\u00eancias continuam&#8221;, ressaltou.<\/p>\n<p>Conforme o chefe do 4\u00ba Departamento de Pol\u00edcia Civil em Juiz de Fora, delegado-geral Carlos Roberto da Silveira Costa, \u00e9 importante destacar tamb\u00e9m essa uni\u00e3o de esfor\u00e7os. &#8220;A popula\u00e7\u00e3o pode ter certeza de que todos est\u00e3o unidos parar levar seguran\u00e7a aos cidad\u00e3os&#8221;, finalizou.<\/p>\n\n\t\t<style type=\"text\/css\">\n\t\t\t#gallery-1 {\n\t\t\t\tmargin: auto;\n\t\t\t}\n\t\t\t#gallery-1 .gallery-item {\n\t\t\t\tfloat: left;\n\t\t\t\tmargin-top: 10px;\n\t\t\t\ttext-align: center;\n\t\t\t\twidth: 33%;\n\t\t\t}\n\t\t\t#gallery-1 img {\n\t\t\t\tborder: 2px solid #cfcfcf;\n\t\t\t}\n\t\t\t#gallery-1 .gallery-caption {\n\t\t\t\tmargin-left: 0;\n\t\t\t}\n\t\t\t\/* see gallery_shortcode() in wp-includes\/media.php *\/\n\t\t<\/style>\n\t\t<div id='gallery-1' class='gallery galleryid-105548 gallery-columns-3 gallery-size-medium'><dl class='gallery-item'>\n\t\t\t<dt class='gallery-icon landscape'>\n\t\t\t\t<a href='https:\/\/diarioregionaldigital.com.br\/?attachment_id=105556'><img loading=\"lazy\" decoding=\"async\" width=\"300\" height=\"225\" src=\"https:\/\/diarioregionaldigital.com.br\/wp-content\/uploads\/2018\/05\/operacaodois-300x225.jpeg\" class=\"attachment-medium size-medium\" alt=\"\" srcset=\"https:\/\/diarioregionaldigital.com.br\/wp-content\/uploads\/2018\/05\/operacaodois-300x225.jpeg 300w, https:\/\/diarioregionaldigital.com.br\/wp-content\/uploads\/2018\/05\/operacaodois-768x576.jpeg 768w, https:\/\/diarioregionaldigital.com.br\/wp-content\/uploads\/2018\/05\/operacaodois-1024x768.jpeg 1024w, https:\/\/diarioregionaldigital.com.br\/wp-content\/uploads\/2018\/05\/operacaodois-360x270.jpeg 360w, https:\/\/diarioregionaldigital.com.br\/wp-content\/uploads\/2018\/05\/operacaodois.jpeg 1152w\" sizes=\"auto, (max-width: 300px) 100vw, 300px\" \/><\/a>\n\t\t\t<\/dt><\/dl><dl class='gallery-item'>\n\t\t\t<dt class='gallery-icon landscape'>\n\t\t\t\t<a href='https:\/\/diarioregionaldigital.com.br\/?attachment_id=105559'><img loading=\"lazy\" decoding=\"async\" width=\"300\" height=\"225\" src=\"https:\/\/diarioregionaldigital.com.br\/wp-content\/uploads\/2018\/05\/operacaoum-300x225.jpeg\" class=\"attachment-medium size-medium\" alt=\"\" srcset=\"https:\/\/diarioregionaldigital.com.br\/wp-content\/uploads\/2018\/05\/operacaoum-300x225.jpeg 300w, https:\/\/diarioregionaldigital.com.br\/wp-content\/uploads\/2018\/05\/operacaoum-768x576.jpeg 768w, https:\/\/diarioregionaldigital.com.br\/wp-content\/uploads\/2018\/05\/operacaoum-1024x768.jpeg 1024w, https:\/\/diarioregionaldigital.com.br\/wp-content\/uploads\/2018\/05\/operacaoum-360x270.jpeg 360w, https:\/\/diarioregionaldigital.com.br\/wp-content\/uploads\/2018\/05\/operacaoum.jpeg 1152w\" sizes=\"auto, (max-width: 300px) 100vw, 300px\" \/><\/a>\n\t\t\t<\/dt><\/dl><dl class='gallery-item'>\n\t\t\t<dt class='gallery-icon landscape'>\n\t\t\t\t<a href='https:\/\/diarioregionaldigital.com.br\/?attachment_id=105558'><img loading=\"lazy\" decoding=\"async\" width=\"300\" height=\"225\" src=\"https:\/\/diarioregionaldigital.com.br\/wp-content\/uploads\/2018\/05\/operacaotres-300x225.jpeg\" class=\"attachment-medium size-medium\" alt=\"\" aria-describedby=\"gallery-1-105558\" srcset=\"https:\/\/diarioregionaldigital.com.br\/wp-content\/uploads\/2018\/05\/operacaotres-300x225.jpeg 300w, https:\/\/diarioregionaldigital.com.br\/wp-content\/uploads\/2018\/05\/operacaotres-768x576.jpeg 768w, https:\/\/diarioregionaldigital.com.br\/wp-content\/uploads\/2018\/05\/operacaotres-1024x768.jpeg 1024w, https:\/\/diarioregionaldigital.com.br\/wp-content\/uploads\/2018\/05\/operacaotres-360x270.jpeg 360w, https:\/\/diarioregionaldigital.com.br\/wp-content\/uploads\/2018\/05\/operacaotres.jpeg 1280w\" sizes=\"auto, (max-width: 300px) 100vw, 300px\" \/><\/a>\n\t\t\t<\/dt>\n\t\t\t\t<dd class='wp-caption-text gallery-caption' id='gallery-1-105558'>\n\t\t\t\tFotos: Divulga\u00e7\u00e3o \n\t\t\t\t<\/dd><\/dl><br style=\"clear: both\" \/>\n\t\t<\/div>\n\n<p>&nbsp;<\/p>\n<p>&nbsp;<\/p>\n<p>Fonte: Assessoria<\/p>\n","protected":false},"excerpt":{"rendered":"<p>Uma a\u00e7\u00e3o conjunta, com a finalidade de combater o tr\u00e1fico de drogas e os crimes violentos, foi deflagrada na manh\u00e3 desta quinta-feira, 24, pelas Pol\u00edcias Civil e Militar, Tribunal de Justi\u00e7a de Minas Gerais, Minist\u00e9rio P\u00fablico de Minas Gerais e a Secretaria de Administra\u00e7\u00e3o Prisional de Minas Gerais nos munic\u00edpios de Juiz de Fora, Rio [&hellip;]<\/p>\n","protected":false},"author":96,"featured_media":105552,"comment_status":"closed","ping_status":"closed","sticky":false,"template":"","format":"standard","meta":{"footnotes":""},"categories":[253,440,439],"tags":[],"class_list":["post-105548","post","type-post","status-publish","format-standard","has-post-thumbnail","hentry","category-cidade","category-destaques-do-dia","category-ultima-hora"],"_links":{"self":[{"href":"https:\/\/diarioregionaldigital.com.br\/index.php?rest_route=\/wp\/v2\/posts\/105548","targetHints":{"allow":["GET"]}}],"collection":[{"href":"https:\/\/diarioregionaldigital.com.br\/index.php?rest_route=\/wp\/v2\/posts"}],"about":[{"href":"https:\/\/diarioregionaldigital.com.br\/index.php?rest_route=\/wp\/v2\/types\/post"}],"author":[{"embeddable":true,"href":"https:\/\/diarioregionaldigital.com.br\/index.php?rest_route=\/wp\/v2\/users\/96"}],"replies":[{"embeddable":true,"href":"https:\/\/diarioregionaldigital.com.br\/index.php?rest_route=%2Fwp%2Fv2%2Fcomments&post=105548"}],"version-history":[{"count":0,"href":"https:\/\/diarioregionaldigital.com.br\/index.php?rest_route=\/wp\/v2\/posts\/105548\/revisions"}],"wp:featuredmedia":[{"embeddable":true,"href":"https:\/\/diarioregionaldigital.com.br\/index.php?rest_route=\/wp\/v2\/media\/105552"}],"wp:attachment":[{"href":"https:\/\/diarioregionaldigital.com.br\/index.php?rest_route=%2Fwp%2Fv2%2Fmedia&parent=105548"}],"wp:term":[{"taxonomy":"category","embeddable":true,"href":"https:\/\/diarioregionaldigital.com.br\/index.php?rest_route=%2Fwp%2Fv2%2Fcategories&post=105548"},{"taxonomy":"post_tag","embeddable":true,"href":"https:\/\/diarioregionaldigital.com.br\/index.php?rest_route=%2Fwp%2Fv2%2Ftags&post=105548"}],"curies":[{"name":"wp","href":"https:\/\/api.w.org\/{rel}","templated":true}]}}