{"id":105533,"date":"2018-05-25T06:00:10","date_gmt":"2018-05-25T09:00:10","guid":{"rendered":"http:\/\/diarioregionaljf.com.br\/?p=105533"},"modified":"2018-05-24T18:57:57","modified_gmt":"2018-05-24T21:57:57","slug":"apesar-de-nao-ser-tao-comum-melanoma-e-o-cancer-de-pele-com-a-maior-taxa-de-mortalidade","status":"publish","type":"post","link":"https:\/\/diarioregionaldigital.com.br\/?p=105533","title":{"rendered":"Apesar de n\u00e3o ser t\u00e3o comum, melanoma \u00e9 o c\u00e2ncer de pele com a maior taxa de mortalidade"},"content":{"rendered":"<p>Quando se fala em c\u00e2ncer de pele, geralmente as pessoas tendem a associar a doen\u00e7a ao excesso de exposi\u00e7\u00e3o ao sol. Com o melanoma n\u00e3o \u00e9 diferente e alguns sinais devem ser observados com grande aten\u00e7\u00e3o: as pintas no corpo. O melanoma \u00e9 um tumor que tem origem dos melan\u00f3citos, c\u00e9lulas que produzem melanina. Representa 5% dos c\u00e2nceres de pele, n\u00e3o \u00e9 t\u00e3o frequente, mas \u00e9 o de maior gravidade. Ele \u00e9 respons\u00e1vel por grande n\u00famero de mortes, por conta da capacidade de produzir met\u00e1stases, ou seja, se espalhar e atingir outros \u00f3rg\u00e3os como olhos, pulm\u00f5es e c\u00e9rebro.<\/p>\n<p>Maio \u00e9 o m\u00eas de combate a este tipo de c\u00e2ncer. Segundo Instituto Nacional do C\u00e2ncer (INCA) a incid\u00eancia de casos da doen\u00e7a vem aumentando ao longo dos anos, e, para 2018, a institui\u00e7\u00e3o estima que 165 mil pessoas sejam diagnosticadas. De acordo com o dermatologista Alo\u00edsio Gamonal, a identifica\u00e7\u00e3o precoce do melanoma \u00e9 fundamental. \u201cQuanto antes for identificado e mais cedo o tratamento for iniciado, melhores s\u00e3o os resultados. Se detectado em fase inicial, as chances de cura s\u00e3o de cerca de 100%\u201d, explicou.<\/p>\n<p>Ele refor\u00e7a que \u00e9 importante observar as pintas no corpo. \u201cGeralmente, temos cerca de 20 pintas em nosso corpo. Algumas pessoas costumam ter mais do que isso. Por isso, tem que tomar alguns cuidados. Toda pessoa que perceber pinta ou caro\u00e7o mudando de cor ou tamanho, precisa receber orienta\u00e7\u00e3o m\u00e9dica\u201d, refor\u00e7ou ele, acrescentando que a retirada \u00e9 feita atrav\u00e9s de uma pequena cirurgia (bi\u00f3psia). \u201cO diagn\u00f3stico deve ser feito o quanto antes\u201d.<\/p>\n<div id=\"attachment_105572\" style=\"width: 3510px\" class=\"wp-caption alignnone\"><img loading=\"lazy\" decoding=\"async\" aria-describedby=\"caption-attachment-105572\" class=\"size-full wp-image-105572\" src=\"http:\/\/diarioregionaljf.com.br\/wp-content\/uploads\/2018\/05\/Divulga\u00e7\u00e3o-2-USAR-ESSA-02-8.jpg\" alt=\"\" width=\"3500\" height=\"2387\" srcset=\"https:\/\/diarioregionaldigital.com.br\/wp-content\/uploads\/2018\/05\/Divulga\u00e7\u00e3o-2-USAR-ESSA-02-8.jpg 3500w, https:\/\/diarioregionaldigital.com.br\/wp-content\/uploads\/2018\/05\/Divulga\u00e7\u00e3o-2-USAR-ESSA-02-8-300x205.jpg 300w, https:\/\/diarioregionaldigital.com.br\/wp-content\/uploads\/2018\/05\/Divulga\u00e7\u00e3o-2-USAR-ESSA-02-8-768x524.jpg 768w, https:\/\/diarioregionaldigital.com.br\/wp-content\/uploads\/2018\/05\/Divulga\u00e7\u00e3o-2-USAR-ESSA-02-8-1024x698.jpg 1024w, https:\/\/diarioregionaldigital.com.br\/wp-content\/uploads\/2018\/05\/Divulga\u00e7\u00e3o-2-USAR-ESSA-02-8-360x246.jpg 360w\" sizes=\"auto, (max-width: 3500px) 100vw, 3500px\" \/><p id=\"caption-attachment-105572\" class=\"wp-caption-text\">Especialista refor\u00e7a que \u00e9 importante observar as pintas no corpo. FOTO:Divulga\u00e7\u00e3o<\/p><\/div>\n<p>Alguns especialistas afirmam que, entre as pessoas que correm mais risco de ter a doen\u00e7a, est\u00e3o as de pele clara, olhos azuis ou verdes, cabelos ruivos ou loiros, com incid\u00eancia de casos familiares, com muitas pintas no corpo e que tiveram queimaduras solares antes dos 15 anos de idade. De qualquer forma, al\u00e9m de observar as pintas no corpo, \u00e9 recomend\u00e1vel se proteger do sol com chap\u00e9us, camisetas e protetores, principalmente entre os hor\u00e1rios de 10h \u00e0s 16h. \u201cUtilizando protetores solares e roupas apropriadas, que far\u00e3o o papel de \u2018barreiras f\u00edsicas\u2019, ajuda na preven\u00e7\u00e3o. Sobre o filtro solar, os de fator 15 s\u00e3o suficientes, pensando tamb\u00e9m na quest\u00e3o custo-benef\u00edcio\u201d, alertou Gamonal.<\/p>\n<p>Associada \u00e0s consultas anuais com dermatologistas, Gamonal recomendou que a busca de sinais suspeitos deve obedecer \u00e0 Regra do ABCDE. (Confira na tabela abaixo).<\/p>\n<p><img loading=\"lazy\" decoding=\"async\" class=\"alignnone size-full wp-image-105544\" src=\"http:\/\/diarioregionaljf.com.br\/wp-content\/uploads\/2018\/05\/arte-inca-1.png\" alt=\"\" width=\"1000\" height=\"1000\" srcset=\"https:\/\/diarioregionaldigital.com.br\/wp-content\/uploads\/2018\/05\/arte-inca-1.png 1000w, https:\/\/diarioregionaldigital.com.br\/wp-content\/uploads\/2018\/05\/arte-inca-1-150x150.png 150w, https:\/\/diarioregionaldigital.com.br\/wp-content\/uploads\/2018\/05\/arte-inca-1-300x300.png 300w, https:\/\/diarioregionaldigital.com.br\/wp-content\/uploads\/2018\/05\/arte-inca-1-768x768.png 768w, https:\/\/diarioregionaldigital.com.br\/wp-content\/uploads\/2018\/05\/arte-inca-1-180x180.png 180w, https:\/\/diarioregionaldigital.com.br\/wp-content\/uploads\/2018\/05\/arte-inca-1-600x600.png 600w, https:\/\/diarioregionaldigital.com.br\/wp-content\/uploads\/2018\/05\/arte-inca-1-120x120.png 120w, https:\/\/diarioregionaldigital.com.br\/wp-content\/uploads\/2018\/05\/arte-inca-1-360x360.png 360w, https:\/\/diarioregionaldigital.com.br\/wp-content\/uploads\/2018\/05\/arte-inca-1-80x80.png 80w\" sizes=\"auto, (max-width: 1000px) 100vw, 1000px\" \/><\/p>\n","protected":false},"excerpt":{"rendered":"<p>Quando se fala em c\u00e2ncer de pele, geralmente as pessoas tendem a associar a doen\u00e7a ao excesso de exposi\u00e7\u00e3o ao sol. Com o melanoma n\u00e3o \u00e9 diferente e alguns sinais devem ser observados com grande aten\u00e7\u00e3o: as pintas no corpo. O melanoma \u00e9 um tumor que tem origem dos melan\u00f3citos, c\u00e9lulas que produzem melanina. Representa [&hellip;]<\/p>\n","protected":false},"author":96,"featured_media":105569,"comment_status":"closed","ping_status":"closed","sticky":false,"template":"","format":"standard","meta":{"footnotes":""},"categories":[253,440,439],"tags":[961,963,960,962],"class_list":["post-105533","post","type-post","status-publish","format-standard","has-post-thumbnail","hentry","category-cidade","category-destaques-do-dia","category-ultima-hora","tag-cancer-de-pele","tag-inca","tag-melanoma","tag-mortalidade"],"_links":{"self":[{"href":"https:\/\/diarioregionaldigital.com.br\/index.php?rest_route=\/wp\/v2\/posts\/105533","targetHints":{"allow":["GET"]}}],"collection":[{"href":"https:\/\/diarioregionaldigital.com.br\/index.php?rest_route=\/wp\/v2\/posts"}],"about":[{"href":"https:\/\/diarioregionaldigital.com.br\/index.php?rest_route=\/wp\/v2\/types\/post"}],"author":[{"embeddable":true,"href":"https:\/\/diarioregionaldigital.com.br\/index.php?rest_route=\/wp\/v2\/users\/96"}],"replies":[{"embeddable":true,"href":"https:\/\/diarioregionaldigital.com.br\/index.php?rest_route=%2Fwp%2Fv2%2Fcomments&post=105533"}],"version-history":[{"count":0,"href":"https:\/\/diarioregionaldigital.com.br\/index.php?rest_route=\/wp\/v2\/posts\/105533\/revisions"}],"wp:featuredmedia":[{"embeddable":true,"href":"https:\/\/diarioregionaldigital.com.br\/index.php?rest_route=\/wp\/v2\/media\/105569"}],"wp:attachment":[{"href":"https:\/\/diarioregionaldigital.com.br\/index.php?rest_route=%2Fwp%2Fv2%2Fmedia&parent=105533"}],"wp:term":[{"taxonomy":"category","embeddable":true,"href":"https:\/\/diarioregionaldigital.com.br\/index.php?rest_route=%2Fwp%2Fv2%2Fcategories&post=105533"},{"taxonomy":"post_tag","embeddable":true,"href":"https:\/\/diarioregionaldigital.com.br\/index.php?rest_route=%2Fwp%2Fv2%2Ftags&post=105533"}],"curies":[{"name":"wp","href":"https:\/\/api.w.org\/{rel}","templated":true}]}}