{"id":105527,"date":"2018-05-24T17:14:47","date_gmt":"2018-05-24T20:14:47","guid":{"rendered":"http:\/\/diarioregionaljf.com.br\/?p=105527"},"modified":"2018-05-24T17:14:47","modified_gmt":"2018-05-24T20:14:47","slug":"corpo-de-bombeiros-se-prepara-para-a-2a-operacao-alerta-vermelho-em-juiz-de-fora","status":"publish","type":"post","link":"https:\/\/diarioregionaldigital.com.br\/?p=105527","title":{"rendered":"Corpo de Bombeiros se prepara para a 2\u00aa opera\u00e7\u00e3o Alerta Vermelho em Juiz de Fora"},"content":{"rendered":"<p>No pr\u00f3ximo s\u00e1bado, 26, ocorrer\u00e1 em todo o Estado a 2\u00aa opera\u00e7\u00e3o Alerta Vermelho que visa disseminar a cultura de preven\u00e7\u00e3o e prote\u00e7\u00e3o ao cidad\u00e3o mineiro.<\/p>\n<p>Em Juiz de Fora, ela ocorrer\u00e1 no bairro Santa Terezinha, zona Nordeste, e ter\u00e1 como foco, aproximadamente, 172 estabelecimentos comerciais da Avenida Rui Barbosa e adjac\u00eancias.<\/p>\n<p>A Opera\u00e7\u00e3o visa orientar a popula\u00e7\u00e3o quanto aos meios preventivos existentes nas edifica\u00e7\u00f5es e espa\u00e7os destinados a uso coletivo, buscando garantir a prote\u00e7\u00e3o das pessoas e preven\u00e7\u00e3o de inc\u00eandio.<\/p>\n<p>Nessa quinta-feira, 24, 60 militares do 4\u00ba BBM e do 3\u00ba Comando Operacional de Bombeiros, em Juiz de Fora, receberam instru\u00e7\u00e3o para vistoriar\/orientar os comerciantes esclarecendo quanto \u00e0 utiliza\u00e7\u00e3o das medidas de seguran\u00e7a contra inc\u00eandio e p\u00e2nico existentes nas edifica\u00e7\u00f5es e aos procedimentos para sua regulariza\u00e7\u00e3o e licenciamento.<\/p>\n<p>Estima-se que o Alerta Vermelho fa\u00e7a crescer a procura para a regulariza\u00e7\u00e3o e licenciamento de edifica\u00e7\u00f5es em Juiz de Fora e regi\u00e3o, diminuindo os riscos de inc\u00eandios nos estabelecimentos por meio da utiliza\u00e7\u00e3o de equipamentos de prote\u00e7\u00e3o contra inc\u00eandio e p\u00e2nico.<\/p>\n<p>A opera\u00e7\u00e3o ocorrer\u00e1 simultaneamente em todos os munic\u00edpios de Minas que possuem Unidades de Bombeiros Militar. Em nossa regi\u00e3o, al\u00e9m de Juiz de Fora, acontecer\u00e1 tamb\u00e9m em Ub\u00e1, Leopoldina, Vi\u00e7osa e Muria\u00e9 como forma de difundir o car\u00e1ter orientativo com foco na educa\u00e7\u00e3o do cidad\u00e3o.<\/p>\n<p>Estar\u00e1 \u00e0 frente desta Opera\u00e7\u00e3o, o Cel BM S\u00e9rgio Jos\u00e9 Ferreira, Comandante do 3\u00b0 Comando Operacional de Bombeiros.<\/p>\n<p>Fonte: Assessoria<\/p>\n","protected":false},"excerpt":{"rendered":"<p>No pr\u00f3ximo s\u00e1bado, 26, ocorrer\u00e1 em todo o Estado a 2\u00aa opera\u00e7\u00e3o Alerta Vermelho que visa disseminar a cultura de preven\u00e7\u00e3o e prote\u00e7\u00e3o ao cidad\u00e3o mineiro. Em Juiz de Fora, ela ocorrer\u00e1 no bairro Santa Terezinha, zona Nordeste, e ter\u00e1 como foco, aproximadamente, 172 estabelecimentos comerciais da Avenida Rui Barbosa e adjac\u00eancias. A Opera\u00e7\u00e3o visa [&hellip;]<\/p>\n","protected":false},"author":96,"featured_media":105528,"comment_status":"closed","ping_status":"closed","sticky":false,"template":"","format":"standard","meta":{"footnotes":""},"categories":[253,440,439],"tags":[],"class_list":["post-105527","post","type-post","status-publish","format-standard","has-post-thumbnail","hentry","category-cidade","category-destaques-do-dia","category-ultima-hora"],"_links":{"self":[{"href":"https:\/\/diarioregionaldigital.com.br\/index.php?rest_route=\/wp\/v2\/posts\/105527","targetHints":{"allow":["GET"]}}],"collection":[{"href":"https:\/\/diarioregionaldigital.com.br\/index.php?rest_route=\/wp\/v2\/posts"}],"about":[{"href":"https:\/\/diarioregionaldigital.com.br\/index.php?rest_route=\/wp\/v2\/types\/post"}],"author":[{"embeddable":true,"href":"https:\/\/diarioregionaldigital.com.br\/index.php?rest_route=\/wp\/v2\/users\/96"}],"replies":[{"embeddable":true,"href":"https:\/\/diarioregionaldigital.com.br\/index.php?rest_route=%2Fwp%2Fv2%2Fcomments&post=105527"}],"version-history":[{"count":0,"href":"https:\/\/diarioregionaldigital.com.br\/index.php?rest_route=\/wp\/v2\/posts\/105527\/revisions"}],"wp:featuredmedia":[{"embeddable":true,"href":"https:\/\/diarioregionaldigital.com.br\/index.php?rest_route=\/wp\/v2\/media\/105528"}],"wp:attachment":[{"href":"https:\/\/diarioregionaldigital.com.br\/index.php?rest_route=%2Fwp%2Fv2%2Fmedia&parent=105527"}],"wp:term":[{"taxonomy":"category","embeddable":true,"href":"https:\/\/diarioregionaldigital.com.br\/index.php?rest_route=%2Fwp%2Fv2%2Fcategories&post=105527"},{"taxonomy":"post_tag","embeddable":true,"href":"https:\/\/diarioregionaldigital.com.br\/index.php?rest_route=%2Fwp%2Fv2%2Ftags&post=105527"}],"curies":[{"name":"wp","href":"https:\/\/api.w.org\/{rel}","templated":true}]}}