{"id":105411,"date":"2018-05-24T06:00:16","date_gmt":"2018-05-24T09:00:16","guid":{"rendered":"http:\/\/diarioregionaljf.com.br\/?p=105411"},"modified":"2018-08-13T20:28:22","modified_gmt":"2018-08-13T23:28:22","slug":"prefeitura-municipal-de-tocantins-2","status":"publish","type":"post","link":"https:\/\/diarioregionaldigital.com.br\/?p=105411","title":{"rendered":"Prefeitura Municipal de Tocantins 24\/05\/18"},"content":{"rendered":"<p style=\"text-align: center;\"><strong>AVISO DE LICITA\u00c7\u00c3O<\/strong><\/p>\n<p style=\"text-align: center;\"><strong>\u00a0<\/strong><strong>Licita\u00e7\u00e3o n\u00b0 050\/2018<\/strong><\/p>\n<p style=\"text-align: center;\"><strong>Modalidade de Preg\u00e3o Presencial n\u00b0 038\/2018<\/strong><\/p>\n<p style=\"text-align: center;\">O Munic\u00edpio de TOCANTINS, na forma da lei, faz saber a todos os interessados que far\u00e1 licita\u00e7\u00e3o na modalidade de preg\u00e3o presencial, tipo menor pre\u00e7o por item, paracontrata\u00e7\u00e3o\u00a0de\u00a0empresa\u00a0especializada\u00a0para realiza\u00e7\u00e3o\u00a0de\u00a0atividades\u00a0na\u00a0Prote\u00e7\u00e3o\u00a0Social\u00a0B\u00e1sica\u00a0do\u00a0Sistema\u00a0\u00danico\u00a0de\u00a0Assist\u00eancia\u00a0Social\u00a0em\u00a0grupo\u00a0deconviv\u00eancia\u00a0em\u00a0Express\u00e3o\u00a0Corporal,\u00a0tudo\u00a0de\u00a0acordo com\u00a0as\u00a0especifica\u00e7\u00f5es\u00a0constantes\u00a0neste\u00a0edital,\u00a0no dia 12\/06\/2018 as 08:00 horas na sala de licita\u00e7\u00f5es, localizada na Av. Padre Mac\u00e1rio, n\u00b0 129, bairro Centro, munic\u00edpio de TOCANTINS. O edital completo encontra-se a disposi\u00e7\u00e3o dos interessados no endere\u00e7o citado anteriormente, no hor\u00e1rio de expediente de 08:00 \u00e0s 11:00 e de 13:00 \u00e0s 16:00 hrs. TOCANTINS, 23 de maio de 2018.\u00a0JANSEN<\/p>\n<p style=\"text-align: center;\"><strong>PASCHOALINO ROCHA &#8211; PREGOEIRO<\/strong><\/p>\n<p>&nbsp;<\/p>\n","protected":false},"excerpt":{"rendered":"<p>AVISO DE LICITA\u00c7\u00c3O \u00a0Licita\u00e7\u00e3o n\u00b0 050\/2018 Modalidade de Preg\u00e3o Presencial n\u00b0 038\/2018 O Munic\u00edpio de TOCANTINS, na forma da lei, faz saber a todos os interessados que far\u00e1 licita\u00e7\u00e3o na modalidade de preg\u00e3o presencial, tipo menor pre\u00e7o por item, paracontrata\u00e7\u00e3o\u00a0de\u00a0empresa\u00a0especializada\u00a0para realiza\u00e7\u00e3o\u00a0de\u00a0atividades\u00a0na\u00a0Prote\u00e7\u00e3o\u00a0Social\u00a0B\u00e1sica\u00a0do\u00a0Sistema\u00a0\u00danico\u00a0de\u00a0Assist\u00eancia\u00a0Social\u00a0em\u00a0grupo\u00a0deconviv\u00eancia\u00a0em\u00a0Express\u00e3o\u00a0Corporal,\u00a0tudo\u00a0de\u00a0acordo com\u00a0as\u00a0especifica\u00e7\u00f5es\u00a0constantes\u00a0neste\u00a0edital,\u00a0no dia 12\/06\/2018 as 08:00 horas na sala de licita\u00e7\u00f5es, localizada na Av. Padre [&hellip;]<\/p>\n","protected":false},"author":96,"featured_media":0,"comment_status":"closed","ping_status":"closed","sticky":false,"template":"","format":"standard","meta":{"footnotes":""},"categories":[307],"tags":[],"class_list":["post-105411","post","type-post","status-publish","format-standard","hentry","category-editais"],"_links":{"self":[{"href":"https:\/\/diarioregionaldigital.com.br\/index.php?rest_route=\/wp\/v2\/posts\/105411","targetHints":{"allow":["GET"]}}],"collection":[{"href":"https:\/\/diarioregionaldigital.com.br\/index.php?rest_route=\/wp\/v2\/posts"}],"about":[{"href":"https:\/\/diarioregionaldigital.com.br\/index.php?rest_route=\/wp\/v2\/types\/post"}],"author":[{"embeddable":true,"href":"https:\/\/diarioregionaldigital.com.br\/index.php?rest_route=\/wp\/v2\/users\/96"}],"replies":[{"embeddable":true,"href":"https:\/\/diarioregionaldigital.com.br\/index.php?rest_route=%2Fwp%2Fv2%2Fcomments&post=105411"}],"version-history":[{"count":0,"href":"https:\/\/diarioregionaldigital.com.br\/index.php?rest_route=\/wp\/v2\/posts\/105411\/revisions"}],"wp:attachment":[{"href":"https:\/\/diarioregionaldigital.com.br\/index.php?rest_route=%2Fwp%2Fv2%2Fmedia&parent=105411"}],"wp:term":[{"taxonomy":"category","embeddable":true,"href":"https:\/\/diarioregionaldigital.com.br\/index.php?rest_route=%2Fwp%2Fv2%2Fcategories&post=105411"},{"taxonomy":"post_tag","embeddable":true,"href":"https:\/\/diarioregionaldigital.com.br\/index.php?rest_route=%2Fwp%2Fv2%2Ftags&post=105411"}],"curies":[{"name":"wp","href":"https:\/\/api.w.org\/{rel}","templated":true}]}}