{"id":105406,"date":"2018-05-24T06:00:11","date_gmt":"2018-05-24T09:00:11","guid":{"rendered":"http:\/\/diarioregionaljf.com.br\/?p=105406"},"modified":"2018-05-23T20:05:08","modified_gmt":"2018-05-23T23:05:08","slug":"boa-mesa","status":"publish","type":"post","link":"https:\/\/diarioregionaldigital.com.br\/?p=105406","title":{"rendered":"Boa Mesa"},"content":{"rendered":"<p style=\"text-align: center;\"><strong>Solo Negro<\/strong><\/p>\n<p style=\"text-align: center;\">A Cia Burlantin estreou seu espet\u00e1culo musical Galanga Chico Rei no Espa\u00e7o Cultural Tambor Mineiro em grande estilo. O projeto Solo Negro tem como estrela Maur\u00edcio Tizumba que ele mesmo projetou e adaptou da obra de Paulo Cesar Pinheiro. At\u00e9 o fim do ano, o projeto deve apresentar mais tr\u00eas espet\u00e1culos, todos com artistas negros e em di\u00e1logo cultura afro-brasileira.<\/p>\n<p style=\"text-align: center;\"><strong>Contribui\u00e7\u00e3o<\/strong><\/p>\n<p style=\"text-align: center;\">Foi muito prestigiada na Faculdade Suprema a palestra do deputado m\u00e9dico psiquiatra Ant\u00f4nio Jorge para marcar o Dia da Luta Antimanicomial. Ele falou de forma clara e precisa na Confer\u00eancia de Pol\u00edticas da Sa\u00fade Mental e Depend\u00eancia Qu\u00edmica que \u00e9 um dos males do s\u00e9culo.<\/p>\n<p style=\"text-align: center;\"><strong>Rol\u00ea<\/strong><\/p>\n<p style=\"text-align: center;\">O Corredor da Folia, que inicia a programa\u00e7\u00e3o do anivers\u00e1rio de Juiz de Fora, ter\u00e1 61 atra\u00e7\u00f5es em tr\u00eas dias, espalhadas em diversos bairros de Juiz de Fora. Nos dias 25, 26 e 27 de maio, as atra\u00e7\u00f5es ter\u00e3o como alguns locais o Centro, como a Pra\u00e7a Ant\u00f4nio Carlos, o CCBM e o Parque Halfeld.<\/p>\n<p style=\"text-align: center;\"><strong>Boa Mesa<\/strong><\/p>\n<p style=\"text-align: center;\">Da capital mineira chega not\u00edcia de que para comemorar seus 24 anos, o Restaurante Santaf\u00e9 dos irm\u00e3os Agilberto e Pedro Martins da Costa ganhou uma nova s\u00f3cia, a chef e empres\u00e1ria Carolina Fadel. O card\u00e1pio assinado por ela e pelo chef Lucas Del Peloso segue a tend\u00eancia Comfort Food.<\/p>\n<div class=\"mceTemp\"><\/div>\n<div id=\"attachment_105352\" style=\"width: 690px\" class=\"wp-caption aligncenter\"><img loading=\"lazy\" decoding=\"async\" aria-describedby=\"caption-attachment-105352\" class=\"wp-image-105352\" src=\"http:\/\/diarioregionaljf.com.br\/wp-content\/uploads\/2018\/05\/fotog-13.jpg\" alt=\"\" width=\"680\" height=\"453\" srcset=\"https:\/\/diarioregionaldigital.com.br\/wp-content\/uploads\/2018\/05\/fotog-13.jpg 1368w, https:\/\/diarioregionaldigital.com.br\/wp-content\/uploads\/2018\/05\/fotog-13-300x200.jpg 300w, https:\/\/diarioregionaldigital.com.br\/wp-content\/uploads\/2018\/05\/fotog-13-768x512.jpg 768w, https:\/\/diarioregionaldigital.com.br\/wp-content\/uploads\/2018\/05\/fotog-13-1024x683.jpg 1024w, https:\/\/diarioregionaldigital.com.br\/wp-content\/uploads\/2018\/05\/fotog-13-360x240.jpg 360w\" sizes=\"auto, (max-width: 680px) 100vw, 680px\" \/><p id=\"caption-attachment-105352\" class=\"wp-caption-text\">Jovens talentosos em noite de festa, Felipe Nogueira e D\u00e9bora Gonzales com Camila Ribeiro e Leonardo Faza<\/p><\/div>\n<div id=\"attachment_105345\" style=\"width: 690px\" class=\"wp-caption aligncenter\"><img loading=\"lazy\" decoding=\"async\" aria-describedby=\"caption-attachment-105345\" class=\"wp-image-105345\" src=\"http:\/\/diarioregionaljf.com.br\/wp-content\/uploads\/2018\/05\/fotoaaa-e1527116144910.jpg\" alt=\"\" width=\"680\" height=\"784\" srcset=\"https:\/\/diarioregionaldigital.com.br\/wp-content\/uploads\/2018\/05\/fotoaaa-e1527116144910.jpg 638w, https:\/\/diarioregionaldigital.com.br\/wp-content\/uploads\/2018\/05\/fotoaaa-e1527116144910-260x300.jpg 260w, https:\/\/diarioregionaldigital.com.br\/wp-content\/uploads\/2018\/05\/fotoaaa-e1527116144910-360x415.jpg 360w\" sizes=\"auto, (max-width: 680px) 100vw, 680px\" \/><p id=\"caption-attachment-105345\" class=\"wp-caption-text\">A bela Gabriela Nardy em foto especial de Felipe Bolpato, reluz<\/p><\/div>\n<div id=\"attachment_105346\" style=\"width: 690px\" class=\"wp-caption aligncenter\"><img loading=\"lazy\" decoding=\"async\" aria-describedby=\"caption-attachment-105346\" class=\"wp-image-105346\" src=\"http:\/\/diarioregionaljf.com.br\/wp-content\/uploads\/2018\/05\/fotobb-4.jpg\" alt=\"\" width=\"680\" height=\"453\" srcset=\"https:\/\/diarioregionaldigital.com.br\/wp-content\/uploads\/2018\/05\/fotobb-4.jpg 960w, https:\/\/diarioregionaldigital.com.br\/wp-content\/uploads\/2018\/05\/fotobb-4-300x200.jpg 300w, https:\/\/diarioregionaldigital.com.br\/wp-content\/uploads\/2018\/05\/fotobb-4-768x512.jpg 768w, https:\/\/diarioregionaldigital.com.br\/wp-content\/uploads\/2018\/05\/fotobb-4-360x240.jpg 360w\" sizes=\"auto, (max-width: 680px) 100vw, 680px\" \/><p id=\"caption-attachment-105346\" class=\"wp-caption-text\">O vereador Marlon Siqueira ladeando os vencedores do Miss e Mister Gari 2018, Eduardo, Forr\u00f3 e Leide no Demlurb<\/p><\/div>\n<div class=\"mceTemp\"><\/div>\n<div id=\"attachment_105347\" style=\"width: 690px\" class=\"wp-caption aligncenter\"><img loading=\"lazy\" decoding=\"async\" aria-describedby=\"caption-attachment-105347\" class=\"wp-image-105347\" src=\"http:\/\/diarioregionaljf.com.br\/wp-content\/uploads\/2018\/05\/fotoc-12-e1527116115442.jpg\" alt=\"\" width=\"680\" height=\"688\" srcset=\"https:\/\/diarioregionaldigital.com.br\/wp-content\/uploads\/2018\/05\/fotoc-12-e1527116115442.jpg 527w, https:\/\/diarioregionaldigital.com.br\/wp-content\/uploads\/2018\/05\/fotoc-12-e1527116115442-297x300.jpg 297w, https:\/\/diarioregionaldigital.com.br\/wp-content\/uploads\/2018\/05\/fotoc-12-e1527116115442-120x120.jpg 120w, https:\/\/diarioregionaldigital.com.br\/wp-content\/uploads\/2018\/05\/fotoc-12-e1527116115442-360x364.jpg 360w, https:\/\/diarioregionaldigital.com.br\/wp-content\/uploads\/2018\/05\/fotoc-12-e1527116115442-80x80.jpg 80w\" sizes=\"auto, (max-width: 680px) 100vw, 680px\" \/><p id=\"caption-attachment-105347\" class=\"wp-caption-text\">Em noite de TiTiTi da Resenha na Toca da Raposa, Bruno Pereira e Dani Verpel<\/p><\/div>\n<div id=\"attachment_105349\" style=\"width: 690px\" class=\"wp-caption aligncenter\"><img loading=\"lazy\" decoding=\"async\" aria-describedby=\"caption-attachment-105349\" class=\"wp-image-105349\" src=\"http:\/\/diarioregionaljf.com.br\/wp-content\/uploads\/2018\/05\/fotod-9-e1527107826286.jpg\" alt=\"\" width=\"680\" height=\"563\" srcset=\"https:\/\/diarioregionaldigital.com.br\/wp-content\/uploads\/2018\/05\/fotod-9-e1527107826286.jpg 449w, https:\/\/diarioregionaldigital.com.br\/wp-content\/uploads\/2018\/05\/fotod-9-e1527107826286-300x249.jpg 300w, https:\/\/diarioregionaldigital.com.br\/wp-content\/uploads\/2018\/05\/fotod-9-e1527107826286-360x298.jpg 360w\" sizes=\"auto, (max-width: 680px) 100vw, 680px\" \/><p id=\"caption-attachment-105349\" class=\"wp-caption-text\">Gabriel Vital e Rodrigo Brigatto, em cena fotogr\u00e1fica by Johnny Pio<\/p><\/div>\n<div id=\"attachment_105351\" style=\"width: 690px\" class=\"wp-caption aligncenter\"><img loading=\"lazy\" decoding=\"async\" aria-describedby=\"caption-attachment-105351\" class=\"wp-image-105351\" src=\"http:\/\/diarioregionaljf.com.br\/wp-content\/uploads\/2018\/05\/fotof-11-e1527115938465.jpg\" alt=\"\" width=\"680\" height=\"553\" srcset=\"https:\/\/diarioregionaldigital.com.br\/wp-content\/uploads\/2018\/05\/fotof-11-e1527115938465.jpg 1154w, https:\/\/diarioregionaldigital.com.br\/wp-content\/uploads\/2018\/05\/fotof-11-e1527115938465-300x244.jpg 300w, https:\/\/diarioregionaldigital.com.br\/wp-content\/uploads\/2018\/05\/fotof-11-e1527115938465-768x624.jpg 768w, https:\/\/diarioregionaldigital.com.br\/wp-content\/uploads\/2018\/05\/fotof-11-e1527115938465-1024x832.jpg 1024w, https:\/\/diarioregionaldigital.com.br\/wp-content\/uploads\/2018\/05\/fotof-11-e1527115938465-220x180.jpg 220w, https:\/\/diarioregionaldigital.com.br\/wp-content\/uploads\/2018\/05\/fotof-11-e1527115938465-360x293.jpg 360w\" sizes=\"auto, (max-width: 680px) 100vw, 680px\" \/><p id=\"caption-attachment-105351\" class=\"wp-caption-text\">O inverno chique de Ingrid Ogg Duayer, na Casinha 649<\/p><\/div>\n<div class=\"mceTemp\"><\/div>\n<div id=\"attachment_105353\" style=\"width: 690px\" class=\"wp-caption aligncenter\"><img loading=\"lazy\" decoding=\"async\" aria-describedby=\"caption-attachment-105353\" class=\"wp-image-105353\" src=\"http:\/\/diarioregionaljf.com.br\/wp-content\/uploads\/2018\/05\/fotoh-13.jpg\" alt=\"\" width=\"680\" height=\"453\" srcset=\"https:\/\/diarioregionaldigital.com.br\/wp-content\/uploads\/2018\/05\/fotoh-13.jpg 5184w, https:\/\/diarioregionaldigital.com.br\/wp-content\/uploads\/2018\/05\/fotoh-13-300x200.jpg 300w, https:\/\/diarioregionaldigital.com.br\/wp-content\/uploads\/2018\/05\/fotoh-13-768x512.jpg 768w, https:\/\/diarioregionaldigital.com.br\/wp-content\/uploads\/2018\/05\/fotoh-13-1024x683.jpg 1024w, https:\/\/diarioregionaldigital.com.br\/wp-content\/uploads\/2018\/05\/fotoh-13-360x240.jpg 360w\" sizes=\"auto, (max-width: 680px) 100vw, 680px\" \/><p id=\"caption-attachment-105353\" class=\"wp-caption-text\">No Clube D. Pedro II, mulheres puro poder: Margareth Brito, Sandra Savastano e M\u00e1rcia Fu<\/p><\/div>\n<div id=\"attachment_105355\" style=\"width: 690px\" class=\"wp-caption aligncenter\"><img loading=\"lazy\" decoding=\"async\" aria-describedby=\"caption-attachment-105355\" class=\"wp-image-105355\" src=\"http:\/\/diarioregionaljf.com.br\/wp-content\/uploads\/2018\/05\/fotocc-5-e1527114380496.jpg\" alt=\"\" width=\"680\" height=\"550\" srcset=\"https:\/\/diarioregionaldigital.com.br\/wp-content\/uploads\/2018\/05\/fotocc-5-e1527114380496.jpg 715w, https:\/\/diarioregionaldigital.com.br\/wp-content\/uploads\/2018\/05\/fotocc-5-e1527114380496-300x243.jpg 300w, https:\/\/diarioregionaldigital.com.br\/wp-content\/uploads\/2018\/05\/fotocc-5-e1527114380496-360x291.jpg 360w\" sizes=\"auto, (max-width: 680px) 100vw, 680px\" \/><p id=\"caption-attachment-105355\" class=\"wp-caption-text\">O ator e apresentador do #FuicomFusco, Fl\u00e1vio Fusco fazendo pit-stop na rua S\u00e3o Jo\u00e3o com os pimpolhos Paulo e Arthur Fusco<\/p><\/div>\n<div id=\"attachment_105356\" style=\"width: 690px\" class=\"wp-caption aligncenter\"><img loading=\"lazy\" decoding=\"async\" aria-describedby=\"caption-attachment-105356\" class=\"wp-image-105356\" src=\"http:\/\/diarioregionaljf.com.br\/wp-content\/uploads\/2018\/05\/fotoe-13.jpg\" alt=\"\" width=\"680\" height=\"408\" srcset=\"https:\/\/diarioregionaldigital.com.br\/wp-content\/uploads\/2018\/05\/fotoe-13.jpg 960w, https:\/\/diarioregionaldigital.com.br\/wp-content\/uploads\/2018\/05\/fotoe-13-300x180.jpg 300w, https:\/\/diarioregionaldigital.com.br\/wp-content\/uploads\/2018\/05\/fotoe-13-768x461.jpg 768w, https:\/\/diarioregionaldigital.com.br\/wp-content\/uploads\/2018\/05\/fotoe-13-360x216.jpg 360w\" sizes=\"auto, (max-width: 680px) 100vw, 680px\" \/><p id=\"caption-attachment-105356\" class=\"wp-caption-text\">Gente querida em cena social, Alba Dalamura e Helder Dalamura<\/p><\/div>\n<div id=\"attachment_105344\" style=\"width: 690px\" class=\"wp-caption aligncenter\"><img loading=\"lazy\" decoding=\"async\" aria-describedby=\"caption-attachment-105344\" class=\"wp-image-105344\" src=\"http:\/\/diarioregionaljf.com.br\/wp-content\/uploads\/2018\/05\/fotoaa-9-e1527107604420.jpg\" alt=\"\" width=\"680\" height=\"531\" srcset=\"https:\/\/diarioregionaldigital.com.br\/wp-content\/uploads\/2018\/05\/fotoaa-9-e1527107604420.jpg 635w, https:\/\/diarioregionaldigital.com.br\/wp-content\/uploads\/2018\/05\/fotoaa-9-e1527107604420-300x234.jpg 300w, https:\/\/diarioregionaldigital.com.br\/wp-content\/uploads\/2018\/05\/fotoaa-9-e1527107604420-360x281.jpg 360w\" sizes=\"auto, (max-width: 680px) 100vw, 680px\" \/><p id=\"caption-attachment-105344\" class=\"wp-caption-text\">A juiz-forana Gabriela Macedo assumiu com categoria a ger\u00eancia comercial do Independ\u00eancia Shopping<\/p><\/div>\n<div id=\"attachment_105354\" style=\"width: 690px\" class=\"wp-caption aligncenter\"><img loading=\"lazy\" decoding=\"async\" aria-describedby=\"caption-attachment-105354\" class=\"wp-image-105354\" src=\"http:\/\/diarioregionaljf.com.br\/wp-content\/uploads\/2018\/05\/fotoj-13-e1527114199753.jpg\" alt=\"\" width=\"680\" height=\"477\" srcset=\"https:\/\/diarioregionaldigital.com.br\/wp-content\/uploads\/2018\/05\/fotoj-13-e1527114199753.jpg 718w, https:\/\/diarioregionaldigital.com.br\/wp-content\/uploads\/2018\/05\/fotoj-13-e1527114199753-300x210.jpg 300w, https:\/\/diarioregionaldigital.com.br\/wp-content\/uploads\/2018\/05\/fotoj-13-e1527114199753-360x253.jpg 360w, https:\/\/diarioregionaldigital.com.br\/wp-content\/uploads\/2018\/05\/fotoj-13-e1527114199753-100x70.jpg 100w\" sizes=\"auto, (max-width: 680px) 100vw, 680px\" \/><p id=\"caption-attachment-105354\" class=\"wp-caption-text\">Na iluminada noite do Europa Coffee, Renata Hirschberg e Eduardo Gomes<\/p><\/div>\n<p style=\"text-align: center;\"><strong>FOTOSS\u00cdNTESE<\/strong><\/p>\n<p>Com estrutura privilegiada, o evento Conex\u00e3o Empresarial acontece de 14 a 17 de junho, na cidade de Tiradentes. Em sua nona edi\u00e7\u00e3o, \u00e9 a maior refer\u00eancia no segmento de eventos corporativos de Minas Gerais.<\/p>\n<p>Provocando cruzamentos com a harmonia, o rock-metal Pata e Underfall faz show no dia 25 de maio, \u00e0s 21h, no Maquinaria da Rua S\u00e3o Mateus, n\u00ba 522.<\/p>\n<p>Com sua estrutura transformadora, o professor Jorge Chaloub falou sobre neutralidade na pol\u00edtica no Caf\u00e9 Filos\u00f3fico do ICH, no Campus da UFJF.<\/p>\n<p>Marisa e Emanoel Loures, S\u00f4nia Juppert e Ot\u00e1vio Cupertino, Juliana Vardiero e J\u00falio C\u00e9sar Aquino formavam um grupo animado na Feijoada do Esporte realizada pelo Panathlon Club, na Academia de Com\u00e9rcio.<\/p>\n<p>Conjugando bem-aventuran\u00e7a, Vitor Valverde foi homenageado em Muria\u00e9, com a \u201cMedalha do M\u00e9rito Muriaeense Jos\u00e9 Alencar Gomes da Silva\u201d.<\/p>\n<p>Trabalhando a ren\u00fancia e a simplicidade Nath\u00e1lia Lanziere administra a Hatha Yoga com a fun\u00e7\u00e3o Abhyanga (Massagem Ayurv\u00e9dica), na rua Oscar Vidal, n\u00ba 430.<\/p>\n<p>Projetando espelho-m\u00e1gico, a professora e atleta Neuza Marsicano encaminhou para a \u201cRevista de Educa\u00e7\u00e3o a Dist\u00e2ncia\u201d, o projeto de pesquisa \u201cO Google nos fez esquecer a lista telef\u00f4nica\u201d.<\/p>\n<p>Em pleno exerc\u00edcio de f\u00e9 e da verdade, o padre Pierre Cantarino j\u00e1 retornou a Juiz de Fora, ap\u00f3s dez dias no Haiti. Liderando um grupo, eles atenderam moradores de Porto Pr\u00edncipe.<\/p>\n<p>Ser\u00e1 na sexta-feira, 25 de maio, na Casa Vinteum, no S\u00e3o Mateus, a abertura da exposi\u00e7\u00e3o do artista e professor, Cristiano Rodrigues. A mostra \u201cMantos para ser Deus\u201d s\u00e3o obras de papel montadas com colagem e pintura, num mergulho na possibilidade de se criar roupa para o Divino.<\/p>\n<p>Help: O Educand\u00e1rio Carlos Chagas que atende crian\u00e7as com necessidades especiais e \u00f3rf\u00e3os precisa urgente de ajuda dos empres\u00e1rios e da comunidade de Juiz de Fora. Sem receber o aluguel do Estado desde julho do ano passado, a institui\u00e7\u00e3o, de 86 anos est\u00e1 \u201ccom a corda no pesco\u00e7o\u201d.<\/p>\n<p>Todo trabalhado no talento, o artista-pl\u00e1stico Ricardo Barcellos arrasou no mosaico \u201cUrbanismo\u201d em pastilhas, instalado na Pra\u00e7a C\u00e9u, em Benfica.<\/p>\n<p>Elegantes e discretas, Maria In\u00eas de Andrade, Cristina Mendes e as irm\u00e3s Maria Teresa Vaz, Maria Isabel D\u2019Ascens\u00e3o e Cristina Mansur est\u00e3o em tour pela Europa.<\/p>\n<p>Para conectar: \u201cSem pureza na a\u00e7\u00e3o, a verdadeira natureza do ser n\u00e3o pode ser reconhecida\u201d. (Sathya Sai baba). Bom dia.<\/p>\n<p>&nbsp;<\/p>\n","protected":false},"excerpt":{"rendered":"<p>Solo Negro A Cia Burlantin estreou seu espet\u00e1culo musical Galanga Chico Rei no Espa\u00e7o Cultural Tambor Mineiro em grande estilo. O projeto Solo Negro tem como estrela Maur\u00edcio Tizumba que ele mesmo projetou e adaptou da obra de Paulo Cesar Pinheiro. At\u00e9 o fim do ano, o projeto deve apresentar mais tr\u00eas espet\u00e1culos, todos com [&hellip;]<\/p>\n","protected":false},"author":96,"featured_media":105352,"comment_status":"closed","ping_status":"closed","sticky":false,"template":"","format":"standard","meta":{"footnotes":""},"categories":[264],"tags":[],"class_list":["post-105406","post","type-post","status-publish","format-standard","has-post-thumbnail","hentry","category-eduardo-gomes"],"_links":{"self":[{"href":"https:\/\/diarioregionaldigital.com.br\/index.php?rest_route=\/wp\/v2\/posts\/105406","targetHints":{"allow":["GET"]}}],"collection":[{"href":"https:\/\/diarioregionaldigital.com.br\/index.php?rest_route=\/wp\/v2\/posts"}],"about":[{"href":"https:\/\/diarioregionaldigital.com.br\/index.php?rest_route=\/wp\/v2\/types\/post"}],"author":[{"embeddable":true,"href":"https:\/\/diarioregionaldigital.com.br\/index.php?rest_route=\/wp\/v2\/users\/96"}],"replies":[{"embeddable":true,"href":"https:\/\/diarioregionaldigital.com.br\/index.php?rest_route=%2Fwp%2Fv2%2Fcomments&post=105406"}],"version-history":[{"count":0,"href":"https:\/\/diarioregionaldigital.com.br\/index.php?rest_route=\/wp\/v2\/posts\/105406\/revisions"}],"wp:featuredmedia":[{"embeddable":true,"href":"https:\/\/diarioregionaldigital.com.br\/index.php?rest_route=\/wp\/v2\/media\/105352"}],"wp:attachment":[{"href":"https:\/\/diarioregionaldigital.com.br\/index.php?rest_route=%2Fwp%2Fv2%2Fmedia&parent=105406"}],"wp:term":[{"taxonomy":"category","embeddable":true,"href":"https:\/\/diarioregionaldigital.com.br\/index.php?rest_route=%2Fwp%2Fv2%2Fcategories&post=105406"},{"taxonomy":"post_tag","embeddable":true,"href":"https:\/\/diarioregionaldigital.com.br\/index.php?rest_route=%2Fwp%2Fv2%2Ftags&post=105406"}],"curies":[{"name":"wp","href":"https:\/\/api.w.org\/{rel}","templated":true}]}}