{"id":105400,"date":"2018-05-23T19:35:44","date_gmt":"2018-05-23T22:35:44","guid":{"rendered":"http:\/\/diarioregionaljf.com.br\/?p=105400"},"modified":"2018-05-23T19:35:44","modified_gmt":"2018-05-23T22:35:44","slug":"ufjf-readapta-cardapio-do-ru-devido-ao-desabastecimento-de-gas","status":"publish","type":"post","link":"https:\/\/diarioregionaldigital.com.br\/?p=105400","title":{"rendered":"UFJF readapta card\u00e1pio do RU devido ao desabastecimento de g\u00e1s"},"content":{"rendered":"<p>A Universidade Federal de Juiz de Fora (UFJF) informou \u00e0 comunidade acad\u00eamica que, devido \u00e0 paralisa\u00e7\u00e3o nacional dos caminhoneiros, os Restaurantes Universit\u00e1rios (RUs) do campus e do centro, em Juiz de Fora, passar\u00e3o, a partir desta quinta-feira, 24, por uma readapta\u00e7\u00e3o no fornecimento das refei\u00e7\u00f5es.<\/p>\n<p>Dessa forma, ser\u00e3o oferecidos, no almo\u00e7o e jantar, temporariamente, a op\u00e7\u00e3o de dois p\u00e3es com presunto e mussarela; buffet de salada; prote\u00edna de soja; e um alimento oleaginoso; al\u00e9m das op\u00e7\u00f5es de suco e fruta.<\/p>\n<p>A paralisa\u00e7\u00e3o, provocada pela pol\u00edtica do atual Governo Federal, tem gerado um desabastecimento de combust\u00edveis em todo o pa\u00eds.<\/p>\n<p>A medida de readapta\u00e7\u00e3o do card\u00e1pio foi sugerida pela Coordena\u00e7\u00e3o do RU \u00e0 Administra\u00e7\u00e3o Superior, que a acatou, com o objetivo de n\u00e3o interromper o funcionamento dos restaurantes.<\/p>\n<p>A UFJF reitera que est\u00e3o sendo feitos esfor\u00e7os para a normaliza\u00e7\u00e3o do abastecimento de g\u00e1s o mais breve poss\u00edvel, e o card\u00e1pio oferecido volte a ser o habitual.<\/p>\n<p>Fonte: Assessoria<\/p>\n<p>&nbsp;<\/p>\n","protected":false},"excerpt":{"rendered":"<p>A Universidade Federal de Juiz de Fora (UFJF) informou \u00e0 comunidade acad\u00eamica que, devido \u00e0 paralisa\u00e7\u00e3o nacional dos caminhoneiros, os Restaurantes Universit\u00e1rios (RUs) do campus e do centro, em Juiz de Fora, passar\u00e3o, a partir desta quinta-feira, 24, por uma readapta\u00e7\u00e3o no fornecimento das refei\u00e7\u00f5es. Dessa forma, ser\u00e3o oferecidos, no almo\u00e7o e jantar, temporariamente, a [&hellip;]<\/p>\n","protected":false},"author":96,"featured_media":105401,"comment_status":"closed","ping_status":"closed","sticky":false,"template":"","format":"standard","meta":{"footnotes":""},"categories":[253,440,439],"tags":[],"class_list":["post-105400","post","type-post","status-publish","format-standard","has-post-thumbnail","hentry","category-cidade","category-destaques-do-dia","category-ultima-hora"],"_links":{"self":[{"href":"https:\/\/diarioregionaldigital.com.br\/index.php?rest_route=\/wp\/v2\/posts\/105400","targetHints":{"allow":["GET"]}}],"collection":[{"href":"https:\/\/diarioregionaldigital.com.br\/index.php?rest_route=\/wp\/v2\/posts"}],"about":[{"href":"https:\/\/diarioregionaldigital.com.br\/index.php?rest_route=\/wp\/v2\/types\/post"}],"author":[{"embeddable":true,"href":"https:\/\/diarioregionaldigital.com.br\/index.php?rest_route=\/wp\/v2\/users\/96"}],"replies":[{"embeddable":true,"href":"https:\/\/diarioregionaldigital.com.br\/index.php?rest_route=%2Fwp%2Fv2%2Fcomments&post=105400"}],"version-history":[{"count":0,"href":"https:\/\/diarioregionaldigital.com.br\/index.php?rest_route=\/wp\/v2\/posts\/105400\/revisions"}],"wp:featuredmedia":[{"embeddable":true,"href":"https:\/\/diarioregionaldigital.com.br\/index.php?rest_route=\/wp\/v2\/media\/105401"}],"wp:attachment":[{"href":"https:\/\/diarioregionaldigital.com.br\/index.php?rest_route=%2Fwp%2Fv2%2Fmedia&parent=105400"}],"wp:term":[{"taxonomy":"category","embeddable":true,"href":"https:\/\/diarioregionaldigital.com.br\/index.php?rest_route=%2Fwp%2Fv2%2Fcategories&post=105400"},{"taxonomy":"post_tag","embeddable":true,"href":"https:\/\/diarioregionaldigital.com.br\/index.php?rest_route=%2Fwp%2Fv2%2Ftags&post=105400"}],"curies":[{"name":"wp","href":"https:\/\/api.w.org\/{rel}","templated":true}]}}